{"id":17227,"date":"2013-12-12T10:35:44","date_gmt":"2013-12-12T15:35:44","guid":{"rendered":"http:\/\/www.ambiente.gob.ec\/?p=17227"},"modified":"2013-12-12T10:35:44","modified_gmt":"2013-12-12T15:35:44","slug":"mae-participo-en-el-taller-estructuracion-de-los-grupos-de-trabajo-del-foro-de-recursos-hidricos-santo-domingo-de-los-tsachilas","status":"publish","type":"post","link":"https:\/\/www.ambienteyenergia.gob.ec\/ambiente\/mae-participo-en-el-taller-estructuracion-de-los-grupos-de-trabajo-del-foro-de-recursos-hidricos-santo-domingo-de-los-tsachilas\/","title":{"rendered":"MAE particip\u00f3 en el taller \u201cEstructuraci\u00f3n de los Grupos de Trabajo del Foro de Recursos H\u00eddricos Santo Domingo de los Ts\u00e1chilas\u201d"},"content":{"rendered":"<p style=\"text-align: justify;\">El pasado 10 de noviembre, el Ministerio del Ambiente (MAE) particip\u00f3 en el Foro-Taller <strong>\u201cEstructuraci\u00f3n de los Grupos de Trabajo del Foro de Recursos H\u00eddricos Santo Domingo de los Ts\u00e1chilas\u201d<\/strong>, que tiene el objetivo de crear espacios para el an\u00e1lisis y generaci\u00f3n de propuestas y alternativas para la gesti\u00f3n social, p\u00fablica y comunitaria del agua.<\/p>\n<p style=\"text-align: justify;\">Luego de varias presentaciones y deliberaciones, los 350 participantes conformaron cuatro grupos de trabajo en el sal\u00f3n de actos de la Direcci\u00f3n Distrital de Educaci\u00f3n de la provincia. Como parte de la mesa n\u00famero uno, funcionarios de la Direcci\u00f3n Provincial del Ambiente Santo Domingo fueron facilitadores en el tema legal estipulado en la Constituci\u00f3n de la Rep\u00fablica (2008), y analizaron el Proyecto de Ley de Aguas para el pa\u00eds.<\/p>\n<p style=\"text-align: justify;\">Para finalizar este taller organizado por el Comit\u00e9 Permanente por la Recuperaci\u00f3n de las Fuentes H\u00eddricas, del cual forma parte esta Cartera de Estado, los asistentes se comprometieron a seguir trabajando por la adecuada gesti\u00f3n del agua de esta provincia privilegiada debido a su estrat\u00e9gica ubicaci\u00f3n geogr\u00e1fica en el territorio nacional.<\/p>\n<p style=\"text-align: justify;\"><a href=\"http:\/\/www.ambienteyenergia.gob.ec\/ambiente\/wp-content\/uploads\/2013\/12\/TALLER-RR.HH_.jpg\"><img loading=\"lazy\" decoding=\"async\" class=\"aligncenter size-full wp-image-17228\" alt=\"TALLER RR.HH\" src=\"http:\/\/www.ambienteyenergia.gob.ec\/ambiente\/wp-content\/uploads\/2013\/12\/TALLER-RR.HH_.jpg\" width=\"300\" height=\"211\" \/><a href=\"http:\/\/www.ambienteyenergia.gob.ec\/ambiente\/wp-content\/uploads\/2013\/12\/TALLER-RR.HH1_.jpg\"><img loading=\"lazy\" decoding=\"async\" class=\"aligncenter size-full wp-image-17229\" alt=\"TALLER RR.HH1\" src=\"http:\/\/www.ambienteyenergia.gob.ec\/ambiente\/wp-content\/uploads\/2013\/12\/TALLER-RR.HH1_.jpg\" width=\"300\" height=\"225\" \/><\/a><\/a><\/p>\n","protected":false},"excerpt":{"rendered":"<p class=\"excerpt\">El pasado 10 de noviembre, el Ministerio del Ambiente (MAE) particip\u00f3 en el Foro-Taller \u201cEstructuraci\u00f3n de los Grupos de Trabajo del Foro de Recursos H\u00eddricos Santo Domingo de los Ts\u00e1chilas\u201d, que tiene el objetivo de crear espacios para el an\u00e1lisis y generaci\u00f3n de propuestas y alternativas para la gesti\u00f3n social, p\u00fablica y comunitaria del agua. Luego de varias presentaciones y&hellip; <a href=\"https:\/\/www.ambienteyenergia.gob.ec\/ambiente\/mae-participo-en-el-taller-estructuracion-de-los-grupos-de-trabajo-del-foro-de-recursos-hidricos-santo-domingo-de-los-tsachilas\/\">Read more &rarr;<\/a><\/p>\n","protected":false},"author":13,"featured_media":17230,"comment_status":"open","ping_status":"open","sticky":false,"template":"","format":"standard","meta":{"footnotes":""},"categories":[16,4],"tags":[108,53,383,382],"class_list":["post-17227","post","type-post","status-publish","format-standard","has-post-thumbnail","hentry","category-comunicamos","category-noticias","tag-lorena-tapia","tag-mae","tag-recursos-hidricos","tag-santo-domingo-de-los-tsachilas","xfolkentry"],"_links":{"self":[{"href":"https:\/\/www.ambienteyenergia.gob.ec\/ambiente\/wp-json\/wp\/v2\/posts\/17227","targetHints":{"allow":["GET"]}}],"collection":[{"href":"https:\/\/www.ambienteyenergia.gob.ec\/ambiente\/wp-json\/wp\/v2\/posts"}],"about":[{"href":"https:\/\/www.ambienteyenergia.gob.ec\/ambiente\/wp-json\/wp\/v2\/types\/post"}],"author":[{"embeddable":true,"href":"https:\/\/www.ambienteyenergia.gob.ec\/ambiente\/wp-json\/wp\/v2\/users\/13"}],"replies":[{"embeddable":true,"href":"https:\/\/www.ambienteyenergia.gob.ec\/ambiente\/wp-json\/wp\/v2\/comments?post=17227"}],"version-history":[{"count":0,"href":"https:\/\/www.ambienteyenergia.gob.ec\/ambiente\/wp-json\/wp\/v2\/posts\/17227\/revisions"}],"wp:featuredmedia":[{"embeddable":true,"href":"https:\/\/www.ambienteyenergia.gob.ec\/ambiente\/wp-json\/wp\/v2\/media\/17230"}],"wp:attachment":[{"href":"https:\/\/www.ambienteyenergia.gob.ec\/ambiente\/wp-json\/wp\/v2\/media?parent=17227"}],"wp:term":[{"taxonomy":"category","embeddable":true,"href":"https:\/\/www.ambienteyenergia.gob.ec\/ambiente\/wp-json\/wp\/v2\/categories?post=17227"},{"taxonomy":"post_tag","embeddable":true,"href":"https:\/\/www.ambienteyenergia.gob.ec\/ambiente\/wp-json\/wp\/v2\/tags?post=17227"}],"curies":[{"name":"wp","href":"https:\/\/api.w.org\/{rel}","templated":true}]}}