{"id":17224,"date":"2013-12-12T10:25:16","date_gmt":"2013-12-12T15:25:16","guid":{"rendered":"http:\/\/www.ambiente.gob.ec\/?p=17224"},"modified":"2013-12-12T10:25:16","modified_gmt":"2013-12-12T15:25:16","slug":"curiquingue-fue-rescatado-en-chimborazo","status":"publish","type":"post","link":"https:\/\/www.ambienteyenergia.gob.ec\/ambiente\/curiquingue-fue-rescatado-en-chimborazo\/","title":{"rendered":"Curiquingue fue rescatado en Chimborazo"},"content":{"rendered":"<p style=\"text-align: justify;\">Ayer, el Ministerio del Ambiente (MAE), a trav\u00e9s de la Direcci\u00f3n Provincial de Chimborazo, rescat\u00f3 un curiquingue (<em>Phalcoboenus caruncutalus<\/em>), en el sector \u201cLa Condamine\u201d de la ciudad de Riobamba. Tras la llamada telef\u00f3nica de un morador del lugar, quien alert\u00f3 a esta Cartera de Estado sobre la presencia del ave en un terreno bald\u00edo.<\/p>\n<p style=\"text-align: justify;\">Se presume que el animal escap\u00f3 del cautiverio en el que se lo manten\u00eda. Esto se pudo evidenciar por una cuerda que se encontraba en una de sus patas, lo que le imped\u00eda levantar el vuelo.<\/p>\n<p style=\"text-align: justify;\">Personal de la Unidad de Vida Silvestre del MAE se moviliz\u00f3 inmediatamente al lugar, para examinar al ave y constatar su estado de salud. El esp\u00e9cimen presentaba cortes y heridas de aproximadamente 5 cent\u00edmetros en sus alas, por lo que fue trasladado al Parque El C\u00f3ndor, ubicado en la provincia de Imbabura, en donde permanecer\u00e1 hasta su recuperaci\u00f3n y posterior liberaci\u00f3n.<\/p>\n<p style=\"text-align: justify;\">El MAE, como principal autoridad ambiental, estar\u00e1 pendiente del proceso de rehabilitaci\u00f3n del ejemplar.<\/p>\n","protected":false},"excerpt":{"rendered":"<p class=\"excerpt\">Ayer, el Ministerio del Ambiente (MAE), a trav\u00e9s de la Direcci\u00f3n Provincial de Chimborazo, rescat\u00f3 un curiquingue (Phalcoboenus caruncutalus), en el sector \u201cLa Condamine\u201d de la ciudad de Riobamba. Tras la llamada telef\u00f3nica de un morador del lugar, quien alert\u00f3 a esta Cartera de Estado sobre la presencia del ave en un terreno bald\u00edo. Se presume que el animal escap\u00f3&hellip; <a href=\"https:\/\/www.ambienteyenergia.gob.ec\/ambiente\/curiquingue-fue-rescatado-en-chimborazo\/\">Read more &rarr;<\/a><\/p>\n","protected":false},"author":13,"featured_media":17225,"comment_status":"open","ping_status":"open","sticky":false,"template":"","format":"standard","meta":{"footnotes":""},"categories":[16,4],"tags":[101,381,108,53],"class_list":["post-17224","post","type-post","status-publish","format-standard","has-post-thumbnail","hentry","category-comunicamos","category-noticias","tag-chimborazo","tag-curiquingue","tag-lorena-tapia","tag-mae","xfolkentry"],"_links":{"self":[{"href":"https:\/\/www.ambienteyenergia.gob.ec\/ambiente\/wp-json\/wp\/v2\/posts\/17224","targetHints":{"allow":["GET"]}}],"collection":[{"href":"https:\/\/www.ambienteyenergia.gob.ec\/ambiente\/wp-json\/wp\/v2\/posts"}],"about":[{"href":"https:\/\/www.ambienteyenergia.gob.ec\/ambiente\/wp-json\/wp\/v2\/types\/post"}],"author":[{"embeddable":true,"href":"https:\/\/www.ambienteyenergia.gob.ec\/ambiente\/wp-json\/wp\/v2\/users\/13"}],"replies":[{"embeddable":true,"href":"https:\/\/www.ambienteyenergia.gob.ec\/ambiente\/wp-json\/wp\/v2\/comments?post=17224"}],"version-history":[{"count":0,"href":"https:\/\/www.ambienteyenergia.gob.ec\/ambiente\/wp-json\/wp\/v2\/posts\/17224\/revisions"}],"wp:featuredmedia":[{"embeddable":true,"href":"https:\/\/www.ambienteyenergia.gob.ec\/ambiente\/wp-json\/wp\/v2\/media\/17225"}],"wp:attachment":[{"href":"https:\/\/www.ambienteyenergia.gob.ec\/ambiente\/wp-json\/wp\/v2\/media?parent=17224"}],"wp:term":[{"taxonomy":"category","embeddable":true,"href":"https:\/\/www.ambienteyenergia.gob.ec\/ambiente\/wp-json\/wp\/v2\/categories?post=17224"},{"taxonomy":"post_tag","embeddable":true,"href":"https:\/\/www.ambienteyenergia.gob.ec\/ambiente\/wp-json\/wp\/v2\/tags?post=17224"}],"curies":[{"name":"wp","href":"https:\/\/api.w.org\/{rel}","templated":true}]}}