{"id":17216,"date":"2013-12-12T10:14:45","date_gmt":"2013-12-12T15:14:45","guid":{"rendered":"http:\/\/www.ambiente.gob.ec\/?p=17216"},"modified":"2013-12-12T10:14:45","modified_gmt":"2013-12-12T15:14:45","slug":"mae-realiza-seguimiento-y-evaluacion-de-especies-nativas-reforestadas-en-colta-chimborazo","status":"publish","type":"post","link":"https:\/\/www.ambienteyenergia.gob.ec\/ambiente\/mae-realiza-seguimiento-y-evaluacion-de-especies-nativas-reforestadas-en-colta-chimborazo\/","title":{"rendered":"MAE realiza seguimiento y evaluaci\u00f3n de especies nativas reforestadas en Colta &#8211; Chimborazo"},"content":{"rendered":"<p style=\"text-align: justify;\">El Ministerio del Ambiente (MAE), a trav\u00e9s de la Direcci\u00f3n Provincial de Chimborazo, realiza evaluaciones a las plantaciones forestales con el fin de proteger y conservar las especies nativas del sector Tingoloma del Cant\u00f3n Colta.<\/p>\n<p style=\"text-align: justify;\">Este proceso forma parte de un importante proyecto de inversi\u00f3n del Ministerio del Ambiente basado en la recuperaci\u00f3n y manejo de la laguna de Colta.<\/p>\n<p style=\"text-align: justify;\">Las plantaciones forestales cumplen importantes funciones en la protecci\u00f3n y conservaci\u00f3n de los recursos naturales como suelo, agua, aire y diferentes ecosistemas. Uno de estos ejemplos es el caso de la parroquia Santiago de Quito en donde se establecieron 115 ha de plantaciones forestales en los a\u00f1os 2012-2013, en un trabajo conjunto de los lugare\u00f1os con el MAE.<\/p>\n<p style=\"text-align: justify;\">Es importante implementar procesos de control y seguimiento de las plantaciones forestales, para as\u00ed garantizar el cumplimiento de los programas teniendo una informaci\u00f3n base de desarrollo de las especies forestales utilizadas, localizadas tanto en zonas degradadas como en terrenos de vocaci\u00f3n forestal.<\/p>\n<p style=\"text-align: justify;\">A su vez, esta investigaci\u00f3n busca generar una l\u00ednea base de informaci\u00f3n sobre el desarrollo y adaptabilidad de la plantaci\u00f3n forestal en suelos erosionados. Este estudio permitir\u00e1 tomar decisiones pertinentes y eficientes para el manejo sostenible de la plantaci\u00f3n.<\/p>\n<p style=\"text-align: justify;\"><a href=\"http:\/\/www.ambienteyenergia.gob.ec\/ambiente\/wp-content\/uploads\/2013\/12\/Chimborazo1.jpg\"><img loading=\"lazy\" decoding=\"async\" class=\"aligncenter size-full wp-image-17217\" alt=\"OLYMPUS DIGITAL CAMERA\" src=\"http:\/\/www.ambienteyenergia.gob.ec\/ambiente\/wp-content\/uploads\/2013\/12\/Chimborazo1.jpg\" width=\"400\" height=\"300\" srcset=\"https:\/\/www.ambienteyenergia.gob.ec\/ambiente\/wp-content\/uploads\/sites\/2\/2013\/12\/Chimborazo1.jpg 400w, https:\/\/www.ambienteyenergia.gob.ec\/ambiente\/wp-content\/uploads\/sites\/2\/2013\/12\/Chimborazo1-300x225.jpg 300w\" sizes=\"auto, (max-width: 400px) 100vw, 400px\" \/><a href=\"http:\/\/www.ambienteyenergia.gob.ec\/ambiente\/wp-content\/uploads\/2013\/12\/Chimborazo2.jpg\"><img loading=\"lazy\" decoding=\"async\" class=\"aligncenter size-full wp-image-17218\" alt=\"OLYMPUS DIGITAL CAMERA\" src=\"http:\/\/www.ambienteyenergia.gob.ec\/ambiente\/wp-content\/uploads\/2013\/12\/Chimborazo2.jpg\" width=\"300\" height=\"224\" \/><\/a><a href=\"http:\/\/www.ambienteyenergia.gob.ec\/ambiente\/wp-content\/uploads\/2013\/12\/Chimborazo7.jpg\"><img loading=\"lazy\" decoding=\"async\" class=\"aligncenter size-full wp-image-17219\" alt=\"OLYMPUS DIGITAL CAMERA\" src=\"http:\/\/www.ambienteyenergia.gob.ec\/ambiente\/wp-content\/uploads\/2013\/12\/Chimborazo7.jpg\" width=\"300\" height=\"224\" \/><\/a><a href=\"http:\/\/www.ambienteyenergia.gob.ec\/ambiente\/wp-content\/uploads\/2013\/12\/Chimborazo5.jpg\"><img loading=\"lazy\" decoding=\"async\" class=\"aligncenter size-full wp-image-17220\" alt=\"OLYMPUS DIGITAL CAMERA\" src=\"http:\/\/www.ambienteyenergia.gob.ec\/ambiente\/wp-content\/uploads\/2013\/12\/Chimborazo5.jpg\" width=\"300\" height=\"224\" \/><\/a><\/a><\/p>\n","protected":false},"excerpt":{"rendered":"<p class=\"excerpt\">El Ministerio del Ambiente (MAE), a trav\u00e9s de la Direcci\u00f3n Provincial de Chimborazo, realiza evaluaciones a las plantaciones forestales con el fin de proteger y conservar las especies nativas del sector Tingoloma del Cant\u00f3n Colta. Este proceso forma parte de un importante proyecto de inversi\u00f3n del Ministerio del Ambiente basado en la recuperaci\u00f3n y manejo de la laguna de Colta.&hellip; <a href=\"https:\/\/www.ambienteyenergia.gob.ec\/ambiente\/mae-realiza-seguimiento-y-evaluacion-de-especies-nativas-reforestadas-en-colta-chimborazo\/\">Read more &rarr;<\/a><\/p>\n","protected":false},"author":13,"featured_media":17221,"comment_status":"open","ping_status":"open","sticky":false,"template":"","format":"standard","meta":{"footnotes":""},"categories":[16,4],"tags":[101,380,108,53],"class_list":["post-17216","post","type-post","status-publish","format-standard","has-post-thumbnail","hentry","category-comunicamos","category-noticias","tag-chimborazo","tag-colta","tag-lorena-tapia","tag-mae","xfolkentry"],"_links":{"self":[{"href":"https:\/\/www.ambienteyenergia.gob.ec\/ambiente\/wp-json\/wp\/v2\/posts\/17216","targetHints":{"allow":["GET"]}}],"collection":[{"href":"https:\/\/www.ambienteyenergia.gob.ec\/ambiente\/wp-json\/wp\/v2\/posts"}],"about":[{"href":"https:\/\/www.ambienteyenergia.gob.ec\/ambiente\/wp-json\/wp\/v2\/types\/post"}],"author":[{"embeddable":true,"href":"https:\/\/www.ambienteyenergia.gob.ec\/ambiente\/wp-json\/wp\/v2\/users\/13"}],"replies":[{"embeddable":true,"href":"https:\/\/www.ambienteyenergia.gob.ec\/ambiente\/wp-json\/wp\/v2\/comments?post=17216"}],"version-history":[{"count":0,"href":"https:\/\/www.ambienteyenergia.gob.ec\/ambiente\/wp-json\/wp\/v2\/posts\/17216\/revisions"}],"wp:featuredmedia":[{"embeddable":true,"href":"https:\/\/www.ambienteyenergia.gob.ec\/ambiente\/wp-json\/wp\/v2\/media\/17221"}],"wp:attachment":[{"href":"https:\/\/www.ambienteyenergia.gob.ec\/ambiente\/wp-json\/wp\/v2\/media?parent=17216"}],"wp:term":[{"taxonomy":"category","embeddable":true,"href":"https:\/\/www.ambienteyenergia.gob.ec\/ambiente\/wp-json\/wp\/v2\/categories?post=17216"},{"taxonomy":"post_tag","embeddable":true,"href":"https:\/\/www.ambienteyenergia.gob.ec\/ambiente\/wp-json\/wp\/v2\/tags?post=17216"}],"curies":[{"name":"wp","href":"https:\/\/api.w.org\/{rel}","templated":true}]}}