{"id":17212,"date":"2013-12-12T08:23:14","date_gmt":"2013-12-12T13:23:14","guid":{"rendered":"http:\/\/www.ambiente.gob.ec\/?p=17212"},"modified":"2013-12-12T08:23:14","modified_gmt":"2013-12-12T13:23:14","slug":"mae-dicto-taller-sobre-el-trafico-de-animales-de-vida-silvestre","status":"publish","type":"post","link":"https:\/\/www.ambienteyenergia.gob.ec\/ambiente\/mae-dicto-taller-sobre-el-trafico-de-animales-de-vida-silvestre\/","title":{"rendered":"MAE dict\u00f3 taller sobre el tr\u00e1fico de animales de vida silvestre"},"content":{"rendered":"<p style=\"text-align: justify;\">Con el objetivo de capacitar al personal de los GADs de la provincia, Polic\u00eda Nacional, Cuerpo de Bomberos, Gesti\u00f3n de Riesgo y ciudadan\u00eda en general, el Ministerio del Ambiente (MAE) inici\u00f3 una serie de conferencias sobre conceptos b\u00e1sicos de vida silvestre, tr\u00e1fico de fauna, manejo de las especies durante el rescate, razones sobre la prohibici\u00f3n de la tenencia ilegal, transmisi\u00f3n de enfermedades y rehabilitaci\u00f3n de animales en los centros de manejo, las capacitaciones se iniciaron ayer en los cantones Pedernales y Jama.<\/p>\n<p style=\"text-align: justify;\">\u00c1ngelo Traverso, director provincial del Ambiente dijo que la actividad se basa en la Ley Forestal y el Texto Unificado de Legislaci\u00f3n Ambienta (TULAS), que en su art\u00edculo 5 estipulado en el Libro IV de la Biodiversidad, indica que se debe capacitar a las instituciones que colaboren con el rescate y conservaci\u00f3n de la fauna silvestre.<\/p>\n<p style=\"text-align: justify;\">Dentro de su misi\u00f3n, la Cartera de Estado tiene a cargo fortalecer el conocimiento sobre la prohibici\u00f3n de la tenencia ilegal de las especies silvestres nativas del pa\u00eds. \u201cEn la actualidad, el tr\u00e1fico mundial de especies se encuentra en segundo lugar despu\u00e9s del tr\u00e1fico de armas, siendo esto una de las causas m\u00e1s graves para la destrucci\u00f3n de la fauna silvestre\u201d, expres\u00f3.<\/p>\n<p style=\"text-align: justify;\">Enfatiz\u00f3, que la problem\u00e1tica del tr\u00e1fico de especies faun\u00edsticas de vida silvestre es sin duda uno de los mayores retos que tenemos todos a la hora de combatir las amenazas que existen contra el patrimonio natural, S\u00f3lo sum\u00e1ndonos todos a esta lucha podemos conservar los recursos naturales, m\u00e1s a\u00fan estas hermosas especies de animales que Dios nos regal\u00f3.<\/p>\n<p style=\"text-align: justify;\">Dentro de la capacitaci\u00f3n se trataron temas de c\u00f3mo manipular a un animal cuando se lo decomise, antes de contactar a la Autoridad Ambiental para su traslado y posterior recuperaci\u00f3n e inserci\u00f3n a su habitad natural.<\/p>\n","protected":false},"excerpt":{"rendered":"<p class=\"excerpt\">Con el objetivo de capacitar al personal de los GADs de la provincia, Polic\u00eda Nacional, Cuerpo de Bomberos, Gesti\u00f3n de Riesgo y ciudadan\u00eda en general, el Ministerio del Ambiente (MAE) inici\u00f3 una serie de conferencias sobre conceptos b\u00e1sicos de vida silvestre, tr\u00e1fico de fauna, manejo de las especies durante el rescate, razones sobre la prohibici\u00f3n de la tenencia ilegal, transmisi\u00f3n&hellip; <a href=\"https:\/\/www.ambienteyenergia.gob.ec\/ambiente\/mae-dicto-taller-sobre-el-trafico-de-animales-de-vida-silvestre\/\">Read more &rarr;<\/a><\/p>\n","protected":false},"author":13,"featured_media":17214,"comment_status":"open","ping_status":"open","sticky":false,"template":"","format":"standard","meta":{"footnotes":""},"categories":[16,4],"tags":[379,108,53,378],"class_list":["post-17212","post","type-post","status-publish","format-standard","has-post-thumbnail","hentry","category-comunicamos","category-noticias","tag-gads","tag-lorena-tapia","tag-mae","tag-trafico-de-animales","xfolkentry"],"_links":{"self":[{"href":"https:\/\/www.ambienteyenergia.gob.ec\/ambiente\/wp-json\/wp\/v2\/posts\/17212","targetHints":{"allow":["GET"]}}],"collection":[{"href":"https:\/\/www.ambienteyenergia.gob.ec\/ambiente\/wp-json\/wp\/v2\/posts"}],"about":[{"href":"https:\/\/www.ambienteyenergia.gob.ec\/ambiente\/wp-json\/wp\/v2\/types\/post"}],"author":[{"embeddable":true,"href":"https:\/\/www.ambienteyenergia.gob.ec\/ambiente\/wp-json\/wp\/v2\/users\/13"}],"replies":[{"embeddable":true,"href":"https:\/\/www.ambienteyenergia.gob.ec\/ambiente\/wp-json\/wp\/v2\/comments?post=17212"}],"version-history":[{"count":0,"href":"https:\/\/www.ambienteyenergia.gob.ec\/ambiente\/wp-json\/wp\/v2\/posts\/17212\/revisions"}],"wp:featuredmedia":[{"embeddable":true,"href":"https:\/\/www.ambienteyenergia.gob.ec\/ambiente\/wp-json\/wp\/v2\/media\/17214"}],"wp:attachment":[{"href":"https:\/\/www.ambienteyenergia.gob.ec\/ambiente\/wp-json\/wp\/v2\/media?parent=17212"}],"wp:term":[{"taxonomy":"category","embeddable":true,"href":"https:\/\/www.ambienteyenergia.gob.ec\/ambiente\/wp-json\/wp\/v2\/categories?post=17212"},{"taxonomy":"post_tag","embeddable":true,"href":"https:\/\/www.ambienteyenergia.gob.ec\/ambiente\/wp-json\/wp\/v2\/tags?post=17212"}],"curies":[{"name":"wp","href":"https:\/\/api.w.org\/{rel}","templated":true}]}}