{"id":17207,"date":"2013-12-11T18:16:36","date_gmt":"2013-12-11T23:16:36","guid":{"rendered":"http:\/\/www.ambiente.gob.ec\/?p=17207"},"modified":"2013-12-11T18:16:36","modified_gmt":"2013-12-11T23:16:36","slug":"mae-rescata-un-caiman-de-anteojos-en-chone","status":"publish","type":"post","link":"https:\/\/www.ambienteyenergia.gob.ec\/ambiente\/mae-rescata-un-caiman-de-anteojos-en-chone\/","title":{"rendered":"MAE rescata un caim\u00e1n de anteojos en Chone"},"content":{"rendered":"<p style=\"text-align: justify;\">T\u00e9cnicos del Ministerio del Ambiente en Manab\u00ed, rescataron la tarde de ayer en la parroquia Bijagual del cant\u00f3n Chone, un caim\u00e1n de anteojos (<em>caim\u00e1n crocodilus<\/em>, con una longitud de 1.50 metros y aproximadamente 5 a\u00f1os de vida.<\/p>\n<p style=\"text-align: justify;\">El reptil estaba en la vivienda de un ciudadano, quien se comunic\u00f3 con funcionarios de esta Cartera de Estado para entregarlo, pues se ve\u00eda en muy mal estado de salud, la mitad de la cola estaba mutilada y sangraba por el hocico debido a la falta de un colmillo.<\/p>\n<p style=\"text-align: justify;\">De inmediato, con ayuda de polic\u00edas de la Unidad de Protecci\u00f3n de Medio Ambiente (UPMA), se lo traslad\u00f3 hasta el centro de rescate \u00abNuestra Fauna\u00bb de la Universidad T\u00e9cnica de Manab\u00ed (UTM), donde los m\u00e9dicos veterinarios lo evaluaron. Posteriormente se lo traslad\u00f3 hasta el \u00e1rea de cautiverio para su recuperaci\u00f3n y, as\u00ed, despu\u00e9s reinsertarlo a su h\u00e1bitat.<\/p>\n<p style=\"text-align: justify;\">Estos animales cumplen una funci\u00f3n ecol\u00f3gica muy importante, pues hacen sus nidos cerca de mangle y se alimentan de peces y aves que habitan en este tipo de ecosistemas.<a href=\"http:\/\/www.ambienteyenergia.gob.ec\/ambiente\/wp-content\/uploads\/2013\/12\/caiman-2.jpg\"><img loading=\"lazy\" decoding=\"async\" class=\"aligncenter size-full wp-image-17208\" alt=\"caiman 2\" src=\"http:\/\/www.ambienteyenergia.gob.ec\/ambiente\/wp-content\/uploads\/2013\/12\/caiman-2.jpg\" width=\"300\" height=\"211\" \/><\/a><a href=\"http:\/\/www.ambienteyenergia.gob.ec\/ambiente\/wp-content\/uploads\/2013\/12\/caiman.jpg\"><img loading=\"lazy\" decoding=\"async\" class=\"aligncenter size-full wp-image-17209\" alt=\"caiman\" src=\"http:\/\/www.ambienteyenergia.gob.ec\/ambiente\/wp-content\/uploads\/2013\/12\/caiman.jpg\" width=\"300\" height=\"211\" \/><\/a><\/p>\n","protected":false},"excerpt":{"rendered":"<p class=\"excerpt\">T\u00e9cnicos del Ministerio del Ambiente en Manab\u00ed, rescataron la tarde de ayer en la parroquia Bijagual del cant\u00f3n Chone, un caim\u00e1n de anteojos (caim\u00e1n crocodilus, con una longitud de 1.50 metros y aproximadamente 5 a\u00f1os de vida. El reptil estaba en la vivienda de un ciudadano, quien se comunic\u00f3 con funcionarios de esta Cartera de Estado para entregarlo, pues se&hellip; <a href=\"https:\/\/www.ambienteyenergia.gob.ec\/ambiente\/mae-rescata-un-caiman-de-anteojos-en-chone\/\">Read more &rarr;<\/a><\/p>\n","protected":false},"author":13,"featured_media":17210,"comment_status":"open","ping_status":"open","sticky":false,"template":"","format":"standard","meta":{"footnotes":""},"categories":[16,4],"tags":[377,376,108,53],"class_list":["post-17207","post","type-post","status-publish","format-standard","has-post-thumbnail","hentry","category-comunicamos","category-noticias","tag-caiman","tag-chone","tag-lorena-tapia","tag-mae","xfolkentry"],"_links":{"self":[{"href":"https:\/\/www.ambienteyenergia.gob.ec\/ambiente\/wp-json\/wp\/v2\/posts\/17207","targetHints":{"allow":["GET"]}}],"collection":[{"href":"https:\/\/www.ambienteyenergia.gob.ec\/ambiente\/wp-json\/wp\/v2\/posts"}],"about":[{"href":"https:\/\/www.ambienteyenergia.gob.ec\/ambiente\/wp-json\/wp\/v2\/types\/post"}],"author":[{"embeddable":true,"href":"https:\/\/www.ambienteyenergia.gob.ec\/ambiente\/wp-json\/wp\/v2\/users\/13"}],"replies":[{"embeddable":true,"href":"https:\/\/www.ambienteyenergia.gob.ec\/ambiente\/wp-json\/wp\/v2\/comments?post=17207"}],"version-history":[{"count":0,"href":"https:\/\/www.ambienteyenergia.gob.ec\/ambiente\/wp-json\/wp\/v2\/posts\/17207\/revisions"}],"wp:featuredmedia":[{"embeddable":true,"href":"https:\/\/www.ambienteyenergia.gob.ec\/ambiente\/wp-json\/wp\/v2\/media\/17210"}],"wp:attachment":[{"href":"https:\/\/www.ambienteyenergia.gob.ec\/ambiente\/wp-json\/wp\/v2\/media?parent=17207"}],"wp:term":[{"taxonomy":"category","embeddable":true,"href":"https:\/\/www.ambienteyenergia.gob.ec\/ambiente\/wp-json\/wp\/v2\/categories?post=17207"},{"taxonomy":"post_tag","embeddable":true,"href":"https:\/\/www.ambienteyenergia.gob.ec\/ambiente\/wp-json\/wp\/v2\/tags?post=17207"}],"curies":[{"name":"wp","href":"https:\/\/api.w.org\/{rel}","templated":true}]}}