{"id":17183,"date":"2013-12-09T19:50:49","date_gmt":"2013-12-10T00:50:49","guid":{"rendered":"http:\/\/www.ambiente.gob.ec\/?p=17183"},"modified":"2013-12-09T22:28:33","modified_gmt":"2013-12-10T03:28:33","slug":"ecuador-sera-sede-de-la-convencion-sobre-conservacion-de-especies-migratorias-de-animales-silvestres-en-2014","status":"publish","type":"post","link":"https:\/\/www.ambienteyenergia.gob.ec\/ambiente\/ecuador-sera-sede-de-la-convencion-sobre-conservacion-de-especies-migratorias-de-animales-silvestres-en-2014\/","title":{"rendered":"Ecuador ser\u00e1 sede de la Convenci\u00f3n sobre Conservaci\u00f3n de Especies Migratorias de Animales Silvestres en 2014"},"content":{"rendered":"<p style=\"text-align: justify;\">Ecuador ser\u00e1 el pa\u00eds anfitri\u00f3n de la conferencia de las Partes Nro. 11 de la Convenci\u00f3n sobre Conservaci\u00f3n de Especies Migratorias de Animales Silvestres (CMS), que se desarrollar\u00e1 entre octubre y diciembre del 2014.<\/p>\n<p style=\"text-align: justify;\">Para el evento, la ciudad sede deber\u00e1 contar con infraestructura hotelera, restaurantes, transporte, centros tur\u00edsticos, oficinas, traducci\u00f3n, atenciones sociales, giras cient\u00edficas, seguridad, equipo t\u00e9cnico, materia de trabajo, entre otros. Razones por las que se ha planteado a Guayaquil como la mejor opci\u00f3n, por ser la capital econ\u00f3mica del pa\u00eds y por las facilidades log\u00edsticas que brinda.<\/p>\n<p style=\"text-align: justify;\">La Convenci\u00f3n congregar\u00e1 a aproximadamente 600 delegados de los pa\u00edses miembros, ONGs y observadores, que durante siete d\u00edas participar\u00e1n de conferencias t\u00e9cnicas de alto nivel, enfocadas en contribuir a la conservaci\u00f3n de las especies terrestres, acu\u00e1ticas y aviarias migratorias a lo largo de su \u00e1rea de distribuci\u00f3n.<\/p>\n<p style=\"text-align: justify;\">La CMS tiene un papel preponderante en la conservaci\u00f3n de 117 especies en peligro de extinci\u00f3n incluidas en el Ap\u00e9ndice I de la Convenci\u00f3n.<\/p>\n<p style=\"text-align: justify;\"><strong>Ecuador como pa\u00eds sede de la CMS<\/strong><\/p>\n<p style=\"text-align: justify;\">En noviembre de 2013, durante la Reuni\u00f3n del Comit\u00e9 Permanente de la Convenci\u00f3n sobre la Protecci\u00f3n de Especies Migratorias de Animales Silvestres, en Bonn &#8211; Alemania, se analiz\u00f3 las opciones de sede de la d\u00e9cima primera Conferencia de las Partes (COP11) de este instrumento internacional.\u00a0Al respecto, Chile como Representante Regional (Subregi\u00f3n Am\u00e9rica del Sur) sugiri\u00f3 a Ecuador como posible anfitri\u00f3n de la COP11.<\/p>\n<p style=\"text-align: justify;\"><strong>Beneficios para el pa\u00eds\u00a0<\/strong><\/p>\n<p style=\"text-align: justify;\">El realizar una reuni\u00f3n de un tratado internacional como es la CMS le otorgar\u00e1 protagonismo al pa\u00eds y posibilitar\u00e1 la firma de algunos convenios y acuerdos de conservaci\u00f3n; y el cuidado y aprovechamiento de las especies migratorias enumeradas en el Ap\u00e9ndice II de la CMS.<\/p>\n<p style=\"text-align: justify;\">Adem\u00e1s, ser\u00e1 una oportunidad para demostrar el liderazgo del Ecuador en la aplicaci\u00f3n de la CMS y la importancia de la protecci\u00f3n de especies silvestres en el pa\u00eds, a trav\u00e9s de este tipo de iniciativas que promueven la responsabilidad del Estado de trabajar en un contexto regional y global por el manejo responsable de la biodiversidad.<\/p>\n","protected":false},"excerpt":{"rendered":"<p class=\"excerpt\">Ecuador ser\u00e1 el pa\u00eds anfitri\u00f3n de la conferencia de las Partes Nro. 11 de la Convenci\u00f3n sobre Conservaci\u00f3n de Especies Migratorias de Animales Silvestres (CMS), que se desarrollar\u00e1 entre octubre y diciembre del 2014. Para el evento, la ciudad sede deber\u00e1 contar con infraestructura hotelera, restaurantes, transporte, centros tur\u00edsticos, oficinas, traducci\u00f3n, atenciones sociales, giras cient\u00edficas, seguridad, equipo t\u00e9cnico, materia de&hellip; <a href=\"https:\/\/www.ambienteyenergia.gob.ec\/ambiente\/ecuador-sera-sede-de-la-convencion-sobre-conservacion-de-especies-migratorias-de-animales-silvestres-en-2014\/\">Read more &rarr;<\/a><\/p>\n","protected":false},"author":13,"featured_media":14852,"comment_status":"open","ping_status":"open","sticky":false,"template":"","format":"standard","meta":{"footnotes":""},"categories":[16,4],"tags":[48,371,108,53],"class_list":["post-17183","post","type-post","status-publish","format-standard","has-post-thumbnail","hentry","category-comunicamos","category-noticias","tag-ecuador","tag-especies-migratorias","tag-lorena-tapia","tag-mae","xfolkentry"],"_links":{"self":[{"href":"https:\/\/www.ambienteyenergia.gob.ec\/ambiente\/wp-json\/wp\/v2\/posts\/17183","targetHints":{"allow":["GET"]}}],"collection":[{"href":"https:\/\/www.ambienteyenergia.gob.ec\/ambiente\/wp-json\/wp\/v2\/posts"}],"about":[{"href":"https:\/\/www.ambienteyenergia.gob.ec\/ambiente\/wp-json\/wp\/v2\/types\/post"}],"author":[{"embeddable":true,"href":"https:\/\/www.ambienteyenergia.gob.ec\/ambiente\/wp-json\/wp\/v2\/users\/13"}],"replies":[{"embeddable":true,"href":"https:\/\/www.ambienteyenergia.gob.ec\/ambiente\/wp-json\/wp\/v2\/comments?post=17183"}],"version-history":[{"count":0,"href":"https:\/\/www.ambienteyenergia.gob.ec\/ambiente\/wp-json\/wp\/v2\/posts\/17183\/revisions"}],"wp:featuredmedia":[{"embeddable":true,"href":"https:\/\/www.ambienteyenergia.gob.ec\/ambiente\/wp-json\/wp\/v2\/media\/14852"}],"wp:attachment":[{"href":"https:\/\/www.ambienteyenergia.gob.ec\/ambiente\/wp-json\/wp\/v2\/media?parent=17183"}],"wp:term":[{"taxonomy":"category","embeddable":true,"href":"https:\/\/www.ambienteyenergia.gob.ec\/ambiente\/wp-json\/wp\/v2\/categories?post=17183"},{"taxonomy":"post_tag","embeddable":true,"href":"https:\/\/www.ambienteyenergia.gob.ec\/ambiente\/wp-json\/wp\/v2\/tags?post=17183"}],"curies":[{"name":"wp","href":"https:\/\/api.w.org\/{rel}","templated":true}]}}