{"id":17172,"date":"2013-12-09T15:03:45","date_gmt":"2013-12-09T20:03:45","guid":{"rendered":"http:\/\/www.ambiente.gob.ec\/?p=17172"},"modified":"2013-12-09T15:03:45","modified_gmt":"2013-12-09T20:03:45","slug":"alrededor-de-66-estudiantes-fueron-capacitados-en-la-utilizacion-adecuada-de-agroquimicos-en-imbabura","status":"publish","type":"post","link":"https:\/\/www.ambienteyenergia.gob.ec\/ambiente\/alrededor-de-66-estudiantes-fueron-capacitados-en-la-utilizacion-adecuada-de-agroquimicos-en-imbabura\/","title":{"rendered":"Alrededor de 66 estudiantes fueron capacitados en la utilizaci\u00f3n adecuada de agroqu\u00edmicos en Imbabura"},"content":{"rendered":"<p style=\"text-align: justify;\">La Direcci\u00f3n Provincial del Ambiente de Imbabura, en colaboraci\u00f3n con la Reserva Ecol\u00f3gica Cotacachi Cayapas, realiz\u00f3 capacitaciones sobre la utilizaci\u00f3n de agroqu\u00edmicos en las Instituciones Educativas de las parroquias Angochagua (cant\u00f3n Ibarra) y San Pablo (cant\u00f3n Otavalo), en las que participaron alrededor de 66 estudiantes y cinco profesores.<\/p>\n<p style=\"text-align: justify;\">Estas capacitaciones se desarrollaron el pasado 4 de diciembre, en los lugares donde se impartieron Ecotalleres, con el objetivo de sensibilizar y educar a estudiantes, profesores y padres de familia en la utilizaci\u00f3n segura de los qu\u00edmicos de acuerdo con su toxicidad, perjuicio para la agricultura, la salud de las personas, animales y ecosistemas de las parroquias.<\/p>\n<p style=\"text-align: justify;\">Para estas actividades l\u00fadico-educativas, se utilizaron videos, y cartulinas para pintar. Adem\u00e1s de reflexiones para estudiantes y profesores de las instituciones participantes.<\/p>\n","protected":false},"excerpt":{"rendered":"<p class=\"excerpt\">La Direcci\u00f3n Provincial del Ambiente de Imbabura, en colaboraci\u00f3n con la Reserva Ecol\u00f3gica Cotacachi Cayapas, realiz\u00f3 capacitaciones sobre la utilizaci\u00f3n de agroqu\u00edmicos en las Instituciones Educativas de las parroquias Angochagua (cant\u00f3n Ibarra) y San Pablo (cant\u00f3n Otavalo), en las que participaron alrededor de 66 estudiantes y cinco profesores. Estas capacitaciones se desarrollaron el pasado 4 de diciembre, en los lugares&hellip; <a href=\"https:\/\/www.ambienteyenergia.gob.ec\/ambiente\/alrededor-de-66-estudiantes-fueron-capacitados-en-la-utilizacion-adecuada-de-agroquimicos-en-imbabura\/\">Read more &rarr;<\/a><\/p>\n","protected":false},"author":13,"featured_media":17173,"comment_status":"open","ping_status":"open","sticky":false,"template":"","format":"standard","meta":{"footnotes":""},"categories":[16,4],"tags":[369,162,108,53],"class_list":["post-17172","post","type-post","status-publish","format-standard","has-post-thumbnail","hentry","category-comunicamos","category-noticias","tag-cotacachi","tag-imbabura","tag-lorena-tapia","tag-mae","xfolkentry"],"_links":{"self":[{"href":"https:\/\/www.ambienteyenergia.gob.ec\/ambiente\/wp-json\/wp\/v2\/posts\/17172","targetHints":{"allow":["GET"]}}],"collection":[{"href":"https:\/\/www.ambienteyenergia.gob.ec\/ambiente\/wp-json\/wp\/v2\/posts"}],"about":[{"href":"https:\/\/www.ambienteyenergia.gob.ec\/ambiente\/wp-json\/wp\/v2\/types\/post"}],"author":[{"embeddable":true,"href":"https:\/\/www.ambienteyenergia.gob.ec\/ambiente\/wp-json\/wp\/v2\/users\/13"}],"replies":[{"embeddable":true,"href":"https:\/\/www.ambienteyenergia.gob.ec\/ambiente\/wp-json\/wp\/v2\/comments?post=17172"}],"version-history":[{"count":0,"href":"https:\/\/www.ambienteyenergia.gob.ec\/ambiente\/wp-json\/wp\/v2\/posts\/17172\/revisions"}],"wp:featuredmedia":[{"embeddable":true,"href":"https:\/\/www.ambienteyenergia.gob.ec\/ambiente\/wp-json\/wp\/v2\/media\/17173"}],"wp:attachment":[{"href":"https:\/\/www.ambienteyenergia.gob.ec\/ambiente\/wp-json\/wp\/v2\/media?parent=17172"}],"wp:term":[{"taxonomy":"category","embeddable":true,"href":"https:\/\/www.ambienteyenergia.gob.ec\/ambiente\/wp-json\/wp\/v2\/categories?post=17172"},{"taxonomy":"post_tag","embeddable":true,"href":"https:\/\/www.ambienteyenergia.gob.ec\/ambiente\/wp-json\/wp\/v2\/tags?post=17172"}],"curies":[{"name":"wp","href":"https:\/\/api.w.org\/{rel}","templated":true}]}}