{"id":17160,"date":"2013-12-09T12:31:30","date_gmt":"2013-12-09T17:31:30","guid":{"rendered":"http:\/\/www.ambiente.gob.ec\/?p=17160"},"modified":"2013-12-09T12:31:30","modified_gmt":"2013-12-09T17:31:30","slug":"incendio-en-paramos-de-la-reserva-chimborazo-100-controlado","status":"publish","type":"post","link":"https:\/\/www.ambienteyenergia.gob.ec\/ambiente\/incendio-en-paramos-de-la-reserva-chimborazo-100-controlado\/","title":{"rendered":"Incendio en p\u00e1ramos de la Reserva Chimborazo 100% controlado"},"content":{"rendered":"<p style=\"text-align: justify;\">Ayer, aproximadamente al mediod\u00eda, funcionarios del Ministerio del Ambiente (MAE), Cuerpo de Bomberos, Secretar\u00eda Nacional de Gesti\u00f3n de Riegos (SNGR) y comuneros de la zona lograron controlar un incendio producido en los sectores de Sanjapamba, Punibata y Rumipata, p\u00e1ramos que se encuentran dentro de la Reserva de Producci\u00f3n de Fauna Chimborazo.<\/p>\n<p style=\"text-align: justify;\">El flagelo que hab\u00eda iniciado a las 11:00 del s\u00e1bado, consumi\u00f3 100 hect\u00e1reas. Entre las especies afectadas se encuentran pajonal (<em>Stipa ichu<\/em>), (<em>Calamagrotis festuca<\/em>); almoadillas (<em>Plantago rigida<\/em>), y romerillo (<em>Hyperucum juniperium<\/em>); adem\u00e1s de algunos ejemplares de conejos silvestres (<em>Silviagus brasillensis<\/em>). Esto fue determinado luego de geo-referenciar las \u00e1reas afectadas.<\/p>\n<p style=\"text-align: justify;\">Hasta la medianoche del s\u00e1bado, se pudo apagar alrededor de 65% del incendio que se extend\u00eda en una l\u00ednea de 2 kil\u00f3metros propag\u00e1ndose intensamente debido a la velocidad del viento con direcci\u00f3n sur oeste. Para ello, se usaron herramientas como bate fuegos, machetes, azadones, picos. Asimismo, se abrieron corta fuegos perimetrales con la ayuda de los comuneros.<\/p>\n<p style=\"text-align: justify;\">Las acciones de control se retomaron el domingo, a partir de las 5:00. Se formaron brigadas para combatir por varios frentes el fuego. Hasta la presente fecha este ha sido el incendio de mayor alcance en hect\u00e1reas reportado dentro de las \u00c1reas Protegidas en Chimborazo.<\/p>\n<p style=\"text-align: justify;\"><a href=\"http:\/\/www.ambienteyenergia.gob.ec\/ambiente\/wp-content\/uploads\/2013\/12\/Chimborazo-2.jpg\"><a href=\"http:\/\/www.ambienteyenergia.gob.ec\/ambiente\/wp-content\/uploads\/2013\/12\/Chimborazo-5.jpg\"><a href=\"http:\/\/www.ambienteyenergia.gob.ec\/ambiente\/wp-content\/uploads\/2013\/12\/Chimborazo-7.jpg\"><img loading=\"lazy\" decoding=\"async\" class=\"aligncenter size-full wp-image-17167\" alt=\"Chimborazo 7\" src=\"http:\/\/www.ambienteyenergia.gob.ec\/ambiente\/wp-content\/uploads\/2013\/12\/Chimborazo-7.jpg\" width=\"300\" height=\"225\" \/><\/a><\/a><a href=\"http:\/\/www.ambienteyenergia.gob.ec\/ambiente\/wp-content\/uploads\/2013\/12\/Chimborazo-2.jpg\"><img loading=\"lazy\" decoding=\"async\" class=\"aligncenter size-full wp-image-17162\" alt=\"Chimborazo 2\" src=\"http:\/\/www.ambienteyenergia.gob.ec\/ambiente\/wp-content\/uploads\/2013\/12\/Chimborazo-2.jpg\" width=\"300\" height=\"168\" \/><\/a><a href=\"http:\/\/www.ambienteyenergia.gob.ec\/ambiente\/wp-content\/uploads\/2013\/12\/Chimborazo-4.jpg\"><img loading=\"lazy\" decoding=\"async\" class=\"aligncenter size-full wp-image-17164\" alt=\"Chimborazo 4\" src=\"http:\/\/www.ambienteyenergia.gob.ec\/ambiente\/wp-content\/uploads\/2013\/12\/Chimborazo-4.jpg\" width=\"300\" height=\"168\" \/><\/a><a href=\"http:\/\/www.ambienteyenergia.gob.ec\/ambiente\/wp-content\/uploads\/2013\/12\/Chimborazo-3.jpg\"><img loading=\"lazy\" decoding=\"async\" class=\"aligncenter size-full wp-image-17163\" alt=\"Chimborazo 3\" src=\"http:\/\/www.ambienteyenergia.gob.ec\/ambiente\/wp-content\/uploads\/2013\/12\/Chimborazo-3.jpg\" width=\"300\" height=\"168\" \/><\/a><a href=\"http:\/\/www.ambienteyenergia.gob.ec\/ambiente\/wp-content\/uploads\/2013\/12\/Chimborazo-6.jpg\"><img loading=\"lazy\" decoding=\"async\" class=\"aligncenter size-full wp-image-17166\" alt=\"Chimborazo 6\" src=\"http:\/\/www.ambienteyenergia.gob.ec\/ambiente\/wp-content\/uploads\/2013\/12\/Chimborazo-6.jpg\" width=\"300\" height=\"180\" \/><\/a><a href=\"http:\/\/www.ambienteyenergia.gob.ec\/ambiente\/wp-content\/uploads\/2013\/12\/Chimborazo-5.jpg\"><img loading=\"lazy\" decoding=\"async\" class=\"aligncenter size-full wp-image-17165\" alt=\"Chimborazo 5\" src=\"http:\/\/www.ambienteyenergia.gob.ec\/ambiente\/wp-content\/uploads\/2013\/12\/Chimborazo-5.jpg\" width=\"300\" height=\"180\" \/><\/a><\/a><\/p>\n","protected":false},"excerpt":{"rendered":"<p class=\"excerpt\">Ayer, aproximadamente al mediod\u00eda, funcionarios del Ministerio del Ambiente (MAE), Cuerpo de Bomberos, Secretar\u00eda Nacional de Gesti\u00f3n de Riegos (SNGR) y comuneros de la zona lograron controlar un incendio producido en los sectores de Sanjapamba, Punibata y Rumipata, p\u00e1ramos que se encuentran dentro de la Reserva de Producci\u00f3n de Fauna Chimborazo. El flagelo que hab\u00eda iniciado a las 11:00 del&hellip; <a href=\"https:\/\/www.ambienteyenergia.gob.ec\/ambiente\/incendio-en-paramos-de-la-reserva-chimborazo-100-controlado\/\">Read more &rarr;<\/a><\/p>\n","protected":false},"author":13,"featured_media":17161,"comment_status":"open","ping_status":"open","sticky":false,"template":"","format":"standard","meta":{"footnotes":""},"categories":[16,4],"tags":[101,312,108,53],"class_list":["post-17160","post","type-post","status-publish","format-standard","has-post-thumbnail","hentry","category-comunicamos","category-noticias","tag-chimborazo","tag-incendio","tag-lorena-tapia","tag-mae","xfolkentry"],"_links":{"self":[{"href":"https:\/\/www.ambienteyenergia.gob.ec\/ambiente\/wp-json\/wp\/v2\/posts\/17160","targetHints":{"allow":["GET"]}}],"collection":[{"href":"https:\/\/www.ambienteyenergia.gob.ec\/ambiente\/wp-json\/wp\/v2\/posts"}],"about":[{"href":"https:\/\/www.ambienteyenergia.gob.ec\/ambiente\/wp-json\/wp\/v2\/types\/post"}],"author":[{"embeddable":true,"href":"https:\/\/www.ambienteyenergia.gob.ec\/ambiente\/wp-json\/wp\/v2\/users\/13"}],"replies":[{"embeddable":true,"href":"https:\/\/www.ambienteyenergia.gob.ec\/ambiente\/wp-json\/wp\/v2\/comments?post=17160"}],"version-history":[{"count":0,"href":"https:\/\/www.ambienteyenergia.gob.ec\/ambiente\/wp-json\/wp\/v2\/posts\/17160\/revisions"}],"wp:featuredmedia":[{"embeddable":true,"href":"https:\/\/www.ambienteyenergia.gob.ec\/ambiente\/wp-json\/wp\/v2\/media\/17161"}],"wp:attachment":[{"href":"https:\/\/www.ambienteyenergia.gob.ec\/ambiente\/wp-json\/wp\/v2\/media?parent=17160"}],"wp:term":[{"taxonomy":"category","embeddable":true,"href":"https:\/\/www.ambienteyenergia.gob.ec\/ambiente\/wp-json\/wp\/v2\/categories?post=17160"},{"taxonomy":"post_tag","embeddable":true,"href":"https:\/\/www.ambienteyenergia.gob.ec\/ambiente\/wp-json\/wp\/v2\/tags?post=17160"}],"curies":[{"name":"wp","href":"https:\/\/api.w.org\/{rel}","templated":true}]}}