{"id":17153,"date":"2013-12-07T14:56:32","date_gmt":"2013-12-07T19:56:32","guid":{"rendered":"http:\/\/www.ambiente.gob.ec\/?p=17153"},"modified":"2013-12-07T14:56:32","modified_gmt":"2013-12-07T19:56:32","slug":"bosque-protector-colonso-ascendera-a-categoria-de-area-protegida-por-ser-un-espacio-de-investigacion-academica","status":"publish","type":"post","link":"https:\/\/www.ambienteyenergia.gob.ec\/ambiente\/bosque-protector-colonso-ascendera-a-categoria-de-area-protegida-por-ser-un-espacio-de-investigacion-academica\/","title":{"rendered":"Bosque Protector Colonso ascender\u00e1 a categor\u00eda de \u00c1rea Protegida por ser un espacio de investigaci\u00f3n acad\u00e9mica"},"content":{"rendered":"<p style=\"text-align: justify;\"><span style=\"color: #888888;\"><\/span>Hoy, en el enlace ciudadano No. 351, que se desarroll\u00f3 en el estadio de la Liga Parroquial de Z\u00e1mbiza, en Quito, la Ministra del Ambiente, Lorena Tapia, explic\u00f3 sobre el ascenso de categor\u00eda a \u00e1rea protegida del Bosque Protector Colonso, ubicado en la provincia de Napo.<\/p>\n<p style=\"text-align: justify;\">El Presidente de la Rep\u00fablica del Ecuador, Rafael Correa, habl\u00f3 de su visita al Bosque Protector Colonso y explic\u00f3 que \u00e9sta \u00e1rea natural servir\u00e1 como un espacio de investigaci\u00f3n y desarrollo cient\u00edfico para la futura Universidad Amaz\u00f3nica Ikiam.<\/p>\n<p style=\"text-align: justify;\">El Bosque Protector Colonso pasar\u00e1 a ser un \u00e1rea protegida por su importancia en temas de investigaci\u00f3n cient\u00edfica y por la gran diversidad que \u00e9ste posee. Al convertirse en \u00e1rea protegida, corresponde al Ministerio del Ambiente del Ecuador (MAE), mediante Acuerdo, la determinaci\u00f3n y delimitaci\u00f3n de la superficie que forma este patrimonio.<\/p>\n<p style=\"text-align: justify;\">Actualmente, el Bosque Protector Colonso tiene 11 924 hect\u00e1reas, pero con el aumento en su extensi\u00f3n tendr\u00e1 alrededor de 80 000 has de conservaci\u00f3n.<\/p>\n<p style=\"text-align: justify;\">En ese sentido, la M\u00e1xima Autoridad Ambiental afirm\u00f3 que \u201cel estudio de incremento ser\u00e1 de alrededor de 62 000 hect\u00e1reas, por lo que pasar\u00eda a ser una categor\u00eda de Reserva Biol\u00f3gica por las caracter\u00edsticas que tiene esta \u00e1rea protegida\u201d.<\/p>\n<p style=\"text-align: justify;\">De la misma forma, asegur\u00f3 que el MAE en conversaciones con la Secretar\u00eda Nacional de Educaci\u00f3n Superior, Ciencia, Tecnolog\u00eda e Innovaci\u00f3n (SENESCYT), resalt\u00f3 la importancia de que este Bosque Protector fuera incorporado dentro de Ikiam., en donde, tambi\u00e9n funcionar\u00e1 el Instituto de Biodiversidad que est\u00e1 a cargo de esta Cartera de Estado y que permitir\u00e1 un trabajo integral de todas las instituciones del Estado.<\/p>\n<p style=\"text-align: justify;\"><b>\u00bfEn qu\u00e9 consiste la declaraci\u00f3n de \u00e1rea protegida?<\/b><\/p>\n<p style=\"text-align: justify;\">La categor\u00eda de \u00e1rea protegida se otorga al conjunto de \u00e1reas silvestres que se destacan por su valor protector, cient\u00edfico, esc\u00e9nico, educacional, tur\u00edstico y recreacional, por su flora y fauna, o porque constituyen ecosistemas que contribuyen a mantener el equilibrio del medio ambiente.<\/p>\n<p style=\"text-align: justify;\">Para declarar un \u00e1rea protegida como tal, primero se debe realizar un Estudio de Alternativas de Manejo, en el que se justificar\u00e1 el cambio de categor\u00eda de bosque protector a \u00e1rea protegida. Para ello, se realizar\u00e1 un diagn\u00f3stico de ecosistemas, flora y fauna; se analizar\u00e1 los factores socioecon\u00f3micos y culturales de la zona, se efectuar\u00e1Estudios de tenencia de tierra, cartograf\u00eda y superficie; se verificar\u00e1 la existencia de concesiones mineras o de hidrocarburos; y se establecer\u00e1 la posible categor\u00eda de manejo de acuerdo a su valoraci\u00f3n y cumplimiento de requisitos t\u00e9cnicos y legales.<\/p>\n","protected":false},"excerpt":{"rendered":"<p class=\"excerpt\">Hoy, en el enlace ciudadano No. 351, que se desarroll\u00f3 en el estadio de la Liga Parroquial de Z\u00e1mbiza, en Quito, la Ministra del Ambiente, Lorena Tapia, explic\u00f3 sobre el ascenso de categor\u00eda a \u00e1rea protegida del Bosque Protector Colonso, ubicado en la provincia de Napo. El Presidente de la Rep\u00fablica del Ecuador, Rafael Correa, habl\u00f3 de su visita al&hellip; <a href=\"https:\/\/www.ambienteyenergia.gob.ec\/ambiente\/bosque-protector-colonso-ascendera-a-categoria-de-area-protegida-por-ser-un-espacio-de-investigacion-academica\/\">Read more &rarr;<\/a><\/p>\n","protected":false},"author":13,"featured_media":17154,"comment_status":"open","ping_status":"open","sticky":false,"template":"","format":"standard","meta":{"footnotes":""},"categories":[16,4],"tags":[],"class_list":["post-17153","post","type-post","status-publish","format-standard","has-post-thumbnail","hentry","category-comunicamos","category-noticias","xfolkentry"],"_links":{"self":[{"href":"https:\/\/www.ambienteyenergia.gob.ec\/ambiente\/wp-json\/wp\/v2\/posts\/17153","targetHints":{"allow":["GET"]}}],"collection":[{"href":"https:\/\/www.ambienteyenergia.gob.ec\/ambiente\/wp-json\/wp\/v2\/posts"}],"about":[{"href":"https:\/\/www.ambienteyenergia.gob.ec\/ambiente\/wp-json\/wp\/v2\/types\/post"}],"author":[{"embeddable":true,"href":"https:\/\/www.ambienteyenergia.gob.ec\/ambiente\/wp-json\/wp\/v2\/users\/13"}],"replies":[{"embeddable":true,"href":"https:\/\/www.ambienteyenergia.gob.ec\/ambiente\/wp-json\/wp\/v2\/comments?post=17153"}],"version-history":[{"count":0,"href":"https:\/\/www.ambienteyenergia.gob.ec\/ambiente\/wp-json\/wp\/v2\/posts\/17153\/revisions"}],"wp:featuredmedia":[{"embeddable":true,"href":"https:\/\/www.ambienteyenergia.gob.ec\/ambiente\/wp-json\/wp\/v2\/media\/17154"}],"wp:attachment":[{"href":"https:\/\/www.ambienteyenergia.gob.ec\/ambiente\/wp-json\/wp\/v2\/media?parent=17153"}],"wp:term":[{"taxonomy":"category","embeddable":true,"href":"https:\/\/www.ambienteyenergia.gob.ec\/ambiente\/wp-json\/wp\/v2\/categories?post=17153"},{"taxonomy":"post_tag","embeddable":true,"href":"https:\/\/www.ambienteyenergia.gob.ec\/ambiente\/wp-json\/wp\/v2\/tags?post=17153"}],"curies":[{"name":"wp","href":"https:\/\/api.w.org\/{rel}","templated":true}]}}