{"id":17146,"date":"2013-12-05T17:52:50","date_gmt":"2013-12-05T22:52:50","guid":{"rendered":"http:\/\/www.ambiente.gob.ec\/?p=17146"},"modified":"2013-12-07T12:26:31","modified_gmt":"2013-12-07T17:26:31","slug":"ministra-lorena-tapia-el-objetivo-fundamental-es-generar-una-actividad-minera-responsable-con-el-ambiente","status":"publish","type":"post","link":"https:\/\/www.ambienteyenergia.gob.ec\/ambiente\/ministra-lorena-tapia-el-objetivo-fundamental-es-generar-una-actividad-minera-responsable-con-el-ambiente\/","title":{"rendered":"Ministra Lorena Tapia: \u00abEl objetivo fundamental es generar una actividad minera responsable con el ambiente\u00bb"},"content":{"rendered":"<p style=\"text-align: justify;\" align=\"center\">Hoy, en rueda de prensa, la Ministra del Ambiente, Lorena Tapia y el Ministro Coordinador de Seguridad, Homero Arrellano, informaron sobre los resultados de la S\u00e9ptima Reuni\u00f3n Extraordinaria de la Comisi\u00f3n Especial para el Control de la Miner\u00eda Ilegal (CECMI), realizada en Zamora Chinchipe, con la finalidad de acordar acciones respecto a este tema.<\/p>\n<p style=\"text-align: justify;\">La Ministra Lorena Tapia indic\u00f3 que Ecuador registra importantes avances en esta materia.\u00a0\u00abHay puntos importantes en los que se est\u00e1 trabajando, uno de ellos tiene que ver con la eliminaci\u00f3n del mercurio en actividades mineras. Durante dos a\u00f1os, el Ministerio del Ambiente junto con otras instituciones p\u00fablicas ha trabajado el Plan Cero Mercurio, que permite hacer una transici\u00f3n hacia otras alternativas que sean m\u00e1s amigables con el ambiente\u00bb.<\/p>\n<p style=\"text-align: justify;\">La Secretaria de Estado ratific\u00f3 el apoyo a la miner\u00eda responsable con el ambiente. En ese sentido, inform\u00f3 sobre la conformaci\u00f3n de una empresa p\u00fablica que pueda ser responsable de importar y distribuir el mercurio para aquellas personas que tengan un registro o licenciamiento del Ministerio del Ambiente. \u201cAqu\u00ed el objetivo fundamental es generar una actividad minera responsable con el ambiente\u00bb.<\/p>\n<p style=\"text-align: justify;\">Por su parte, el Ministro Arellano asegur\u00f3 que no se dejar\u00e1 de combatir la miner\u00eda ilegal, porque no solo afecta a la econom\u00eda del pa\u00eds, sino que afecta a la salud de la poblaci\u00f3n y a la contaminaci\u00f3n del ambiente, especialmente del agua.<\/p>\n<p style=\"text-align: justify;\">Asimismo, Arellano explic\u00f3 que \u201cdebemos reconocer y diferenciar a la miner\u00eda informal, en este caso son personas que han realizado durante a\u00f1os esta actividad y debemos ayudarlos a regularizarse\u201d.<\/p>\n<p style=\"text-align: justify;\"><strong>MAE combate la miner\u00eda ilegal<\/strong><\/p>\n<p style=\"text-align: justify;\">A nivel nacional, las acciones para combatir la miner\u00eda ilegal est\u00e1n amparadas en el Decreto Ejecutivo No. 754 del\u00a06 de mayo\u00a0del 2011. A trav\u00e9s de esta adenda, se cre\u00f3 con varias instituciones, la CECMI, misma que coordina, gestiona y asesora la ejecuci\u00f3n del Plan Integral para la Erradicaci\u00f3n de la Miner\u00eda Ilegal.<\/p>\n","protected":false},"excerpt":{"rendered":"<p class=\"excerpt\">Hoy, en rueda de prensa, la Ministra del Ambiente, Lorena Tapia y el Ministro Coordinador de Seguridad, Homero Arrellano, informaron sobre los resultados de la S\u00e9ptima Reuni\u00f3n Extraordinaria de la Comisi\u00f3n Especial para el Control de la Miner\u00eda Ilegal (CECMI), realizada en Zamora Chinchipe, con la finalidad de acordar acciones respecto a este tema. La Ministra Lorena Tapia indic\u00f3 que&hellip; <a href=\"https:\/\/www.ambienteyenergia.gob.ec\/ambiente\/ministra-lorena-tapia-el-objetivo-fundamental-es-generar-una-actividad-minera-responsable-con-el-ambiente\/\">Read more &rarr;<\/a><\/p>\n","protected":false},"author":13,"featured_media":17149,"comment_status":"open","ping_status":"open","sticky":false,"template":"","format":"standard","meta":{"footnotes":""},"categories":[16,4],"tags":[],"class_list":["post-17146","post","type-post","status-publish","format-standard","has-post-thumbnail","hentry","category-comunicamos","category-noticias","xfolkentry"],"_links":{"self":[{"href":"https:\/\/www.ambienteyenergia.gob.ec\/ambiente\/wp-json\/wp\/v2\/posts\/17146","targetHints":{"allow":["GET"]}}],"collection":[{"href":"https:\/\/www.ambienteyenergia.gob.ec\/ambiente\/wp-json\/wp\/v2\/posts"}],"about":[{"href":"https:\/\/www.ambienteyenergia.gob.ec\/ambiente\/wp-json\/wp\/v2\/types\/post"}],"author":[{"embeddable":true,"href":"https:\/\/www.ambienteyenergia.gob.ec\/ambiente\/wp-json\/wp\/v2\/users\/13"}],"replies":[{"embeddable":true,"href":"https:\/\/www.ambienteyenergia.gob.ec\/ambiente\/wp-json\/wp\/v2\/comments?post=17146"}],"version-history":[{"count":0,"href":"https:\/\/www.ambienteyenergia.gob.ec\/ambiente\/wp-json\/wp\/v2\/posts\/17146\/revisions"}],"wp:featuredmedia":[{"embeddable":true,"href":"https:\/\/www.ambienteyenergia.gob.ec\/ambiente\/wp-json\/wp\/v2\/media\/17149"}],"wp:attachment":[{"href":"https:\/\/www.ambienteyenergia.gob.ec\/ambiente\/wp-json\/wp\/v2\/media?parent=17146"}],"wp:term":[{"taxonomy":"category","embeddable":true,"href":"https:\/\/www.ambienteyenergia.gob.ec\/ambiente\/wp-json\/wp\/v2\/categories?post=17146"},{"taxonomy":"post_tag","embeddable":true,"href":"https:\/\/www.ambienteyenergia.gob.ec\/ambiente\/wp-json\/wp\/v2\/tags?post=17146"}],"curies":[{"name":"wp","href":"https:\/\/api.w.org\/{rel}","templated":true}]}}