{"id":17143,"date":"2013-12-05T17:04:51","date_gmt":"2013-12-05T22:04:51","guid":{"rendered":"http:\/\/www.ambiente.gob.ec\/?p=17143"},"modified":"2013-12-05T17:04:51","modified_gmt":"2013-12-05T22:04:51","slug":"mae-rescato-tres-nutrias-y-las-entrego-al-parque-historico-de-guayaquil","status":"publish","type":"post","link":"https:\/\/www.ambienteyenergia.gob.ec\/ambiente\/mae-rescato-tres-nutrias-y-las-entrego-al-parque-historico-de-guayaquil\/","title":{"rendered":"MAE rescat\u00f3 tres nutrias y las entreg\u00f3 al Parque Hist\u00f3rico de Guayaquil"},"content":{"rendered":"<p style=\"text-align: justify;\">El Ministerio del Ambiente (MAE) realiz\u00f3 la entrega de tres ejemplares de nutria (<i>Lontra longicaudis) <\/i>al Parque Hist\u00f3rico de Guayaquil, en diferentes fechas, con el fin de que tengan un lugar adecuado para su crecimiento y rehabilitaci\u00f3n. Actualmente, los animales est\u00e1n totalmente adaptados.<\/p>\n<p style=\"text-align: justify;\">El primer ejemplar, fue entregado a la Direcci\u00f3n Provincial de Los R\u00edos, el pasado 20 de octubre del 2012. Los funcionarios del MAE mencionaron que la nutria hembra fue rescatada en una finca en Mocache luego de que unos perros mataron a la madre u otras cr\u00edas.<\/p>\n<p style=\"text-align: justify;\">El segundo animal fue trasladado a mediados de este a\u00f1o desde Esmeraldas. El juvenil macho en fase de destete fue cuidado constantemente por el personal del Parque Hist\u00f3rico de Guayaquil, hasta que cambio su alimentaci\u00f3n de leche a alimentos propios de un adulto. Hoy, se encuentra estable y est\u00e1 en fase de reubicaci\u00f3n.<\/p>\n<p style=\"text-align: justify;\">Finalmente, el \u00faltimo de ellos, fue rescatado en una zanja del suburbio de la ciudad de Guayaquil, el 17 de noviembre de 2011. El MAE lo traslad\u00f3 a un Centro de Manejo de Fauna en el que ser\u00eda tratado y examinado para determinar su estado de salud.<\/p>\n","protected":false},"excerpt":{"rendered":"<p class=\"excerpt\">El Ministerio del Ambiente (MAE) realiz\u00f3 la entrega de tres ejemplares de nutria (Lontra longicaudis) al Parque Hist\u00f3rico de Guayaquil, en diferentes fechas, con el fin de que tengan un lugar adecuado para su crecimiento y rehabilitaci\u00f3n. Actualmente, los animales est\u00e1n totalmente adaptados. El primer ejemplar, fue entregado a la Direcci\u00f3n Provincial de Los R\u00edos, el pasado 20 de octubre&hellip; <a href=\"https:\/\/www.ambienteyenergia.gob.ec\/ambiente\/mae-rescato-tres-nutrias-y-las-entrego-al-parque-historico-de-guayaquil\/\">Read more &rarr;<\/a><\/p>\n","protected":false},"author":13,"featured_media":17144,"comment_status":"open","ping_status":"open","sticky":false,"template":"","format":"standard","meta":{"footnotes":""},"categories":[16,4],"tags":[],"class_list":["post-17143","post","type-post","status-publish","format-standard","has-post-thumbnail","hentry","category-comunicamos","category-noticias","xfolkentry"],"_links":{"self":[{"href":"https:\/\/www.ambienteyenergia.gob.ec\/ambiente\/wp-json\/wp\/v2\/posts\/17143","targetHints":{"allow":["GET"]}}],"collection":[{"href":"https:\/\/www.ambienteyenergia.gob.ec\/ambiente\/wp-json\/wp\/v2\/posts"}],"about":[{"href":"https:\/\/www.ambienteyenergia.gob.ec\/ambiente\/wp-json\/wp\/v2\/types\/post"}],"author":[{"embeddable":true,"href":"https:\/\/www.ambienteyenergia.gob.ec\/ambiente\/wp-json\/wp\/v2\/users\/13"}],"replies":[{"embeddable":true,"href":"https:\/\/www.ambienteyenergia.gob.ec\/ambiente\/wp-json\/wp\/v2\/comments?post=17143"}],"version-history":[{"count":0,"href":"https:\/\/www.ambienteyenergia.gob.ec\/ambiente\/wp-json\/wp\/v2\/posts\/17143\/revisions"}],"wp:featuredmedia":[{"embeddable":true,"href":"https:\/\/www.ambienteyenergia.gob.ec\/ambiente\/wp-json\/wp\/v2\/media\/17144"}],"wp:attachment":[{"href":"https:\/\/www.ambienteyenergia.gob.ec\/ambiente\/wp-json\/wp\/v2\/media?parent=17143"}],"wp:term":[{"taxonomy":"category","embeddable":true,"href":"https:\/\/www.ambienteyenergia.gob.ec\/ambiente\/wp-json\/wp\/v2\/categories?post=17143"},{"taxonomy":"post_tag","embeddable":true,"href":"https:\/\/www.ambienteyenergia.gob.ec\/ambiente\/wp-json\/wp\/v2\/tags?post=17143"}],"curies":[{"name":"wp","href":"https:\/\/api.w.org\/{rel}","templated":true}]}}