{"id":17137,"date":"2013-12-05T09:13:53","date_gmt":"2013-12-05T14:13:53","guid":{"rendered":"http:\/\/www.ambiente.gob.ec\/?p=17137"},"modified":"2013-12-05T09:13:53","modified_gmt":"2013-12-05T14:13:53","slug":"mae-realiza-socializacion-para-el-uso-y-manejo-responsable-de-agroquimicos-en-san-juan-chimborazo","status":"publish","type":"post","link":"https:\/\/www.ambienteyenergia.gob.ec\/ambiente\/mae-realiza-socializacion-para-el-uso-y-manejo-responsable-de-agroquimicos-en-san-juan-chimborazo\/","title":{"rendered":"MAE realiza socializaci\u00f3n para el uso y manejo responsable de agroqu\u00edmicos en San Juan (Chimborazo)"},"content":{"rendered":"<p style=\"text-align: justify;\">Ayer, el Ministerio del Ambiente (MAE), en su lucha contra una de las principales\u00a0 problem\u00e1ticas ambientales ocasionadas por el uso inadecuado y mal manejo de\u00a0 plaguicidas, realiz\u00f3 en Chimborazo una serie de talleres dirigidos a aproximadamente 100 estudiantes y docentes de la escuela San Juan y el colegio T\u00e9cnico Agropecuario San Juan. Esto como parte del proceso de capacitaci\u00f3n en temas relacionados a educaci\u00f3n ambiental.<\/p>\n<p style=\"text-align: justify;\">Los establecimientos educativos agradecieron al Ministerio del Ambiente por la atenci\u00f3n brindada en estos temas que involucran el cuidado del ambiente. Iniciativas como las de promover un manejo responsable de los agroqu\u00edmicos, precautelando la salud de las personas fomentan la conservaci\u00f3n de los recursos y los ecosistemas.<\/p>\n<p style=\"text-align: justify;\">Los estudiantes participaron de estas charlas, que buscan crear conciencia pero tambi\u00e9n generar compromisos ciudadanos con el ambiente, protegiendo la salud de las personas y el cuidado de la naturaleza.<\/p>\n<p style=\"text-align: justify;\">H\u00e9ctor Oca\u00f1a, rector de uno de los establecimientos educativos, felicit\u00f3 al MAE por este importante aporte y comprometi\u00f3 a esta Cartera de Estado a continuar con estos talleres.<\/p>\n","protected":false},"excerpt":{"rendered":"<p class=\"excerpt\">Ayer, el Ministerio del Ambiente (MAE), en su lucha contra una de las principales\u00a0 problem\u00e1ticas ambientales ocasionadas por el uso inadecuado y mal manejo de\u00a0 plaguicidas, realiz\u00f3 en Chimborazo una serie de talleres dirigidos a aproximadamente 100 estudiantes y docentes de la escuela San Juan y el colegio T\u00e9cnico Agropecuario San Juan. Esto como parte del proceso de capacitaci\u00f3n en&hellip; <a href=\"https:\/\/www.ambienteyenergia.gob.ec\/ambiente\/mae-realiza-socializacion-para-el-uso-y-manejo-responsable-de-agroquimicos-en-san-juan-chimborazo\/\">Read more &rarr;<\/a><\/p>\n","protected":false},"author":13,"featured_media":17138,"comment_status":"open","ping_status":"open","sticky":false,"template":"","format":"standard","meta":{"footnotes":""},"categories":[16,4],"tags":[],"class_list":["post-17137","post","type-post","status-publish","format-standard","has-post-thumbnail","hentry","category-comunicamos","category-noticias","xfolkentry"],"_links":{"self":[{"href":"https:\/\/www.ambienteyenergia.gob.ec\/ambiente\/wp-json\/wp\/v2\/posts\/17137","targetHints":{"allow":["GET"]}}],"collection":[{"href":"https:\/\/www.ambienteyenergia.gob.ec\/ambiente\/wp-json\/wp\/v2\/posts"}],"about":[{"href":"https:\/\/www.ambienteyenergia.gob.ec\/ambiente\/wp-json\/wp\/v2\/types\/post"}],"author":[{"embeddable":true,"href":"https:\/\/www.ambienteyenergia.gob.ec\/ambiente\/wp-json\/wp\/v2\/users\/13"}],"replies":[{"embeddable":true,"href":"https:\/\/www.ambienteyenergia.gob.ec\/ambiente\/wp-json\/wp\/v2\/comments?post=17137"}],"version-history":[{"count":0,"href":"https:\/\/www.ambienteyenergia.gob.ec\/ambiente\/wp-json\/wp\/v2\/posts\/17137\/revisions"}],"wp:featuredmedia":[{"embeddable":true,"href":"https:\/\/www.ambienteyenergia.gob.ec\/ambiente\/wp-json\/wp\/v2\/media\/17138"}],"wp:attachment":[{"href":"https:\/\/www.ambienteyenergia.gob.ec\/ambiente\/wp-json\/wp\/v2\/media?parent=17137"}],"wp:term":[{"taxonomy":"category","embeddable":true,"href":"https:\/\/www.ambienteyenergia.gob.ec\/ambiente\/wp-json\/wp\/v2\/categories?post=17137"},{"taxonomy":"post_tag","embeddable":true,"href":"https:\/\/www.ambienteyenergia.gob.ec\/ambiente\/wp-json\/wp\/v2\/tags?post=17137"}],"curies":[{"name":"wp","href":"https:\/\/api.w.org\/{rel}","templated":true}]}}