{"id":17127,"date":"2013-12-04T17:00:46","date_gmt":"2013-12-04T22:00:46","guid":{"rendered":"http:\/\/www.ambiente.gob.ec\/?p=17127"},"modified":"2013-12-04T17:00:46","modified_gmt":"2013-12-04T22:00:46","slug":"ecuador-trabaja-en-un-estudio-nacional-para-la-economia-de-la-biodiversidad-y-de-servicios-ecosistemicos","status":"publish","type":"post","link":"https:\/\/www.ambienteyenergia.gob.ec\/ambiente\/ecuador-trabaja-en-un-estudio-nacional-para-la-economia-de-la-biodiversidad-y-de-servicios-ecosistemicos\/","title":{"rendered":"Ecuador trabaja en un estudio nacional para la econom\u00eda de la biodiversidad y de servicios ecosist\u00e9micos"},"content":{"rendered":"<p style=\"text-align: justify;\">Hoy, la Viceministra del Ambiente, M\u00f3nica Hidalgo, particip\u00f3 en una reuni\u00f3n oficial con representantes de la Iniciativa \u201cLa Econom\u00eda de los Ecosistemas y la Biodiversidad\u201d (TEEB, por sus siglas en ingl\u00e9s) del Programa de las Naciones Unidas para el Medio Ambiente (PNUMA-UNEP), con el objetivo de trabajar coordinadamente en temas relacionados a los beneficios econ\u00f3micos de la biodiversidad. La Ministra del Ambiente, Lorena Tapia, dio la bienvenida a la delegaci\u00f3n y ofreci\u00f3 todo su apoyo en la implementaci\u00f3n de esta iniciativa.<\/p>\n<p style=\"text-align: justify;\">Como producto de esta misi\u00f3n se desarrollar\u00e1 un estudio Nacional TEEB, lo cual presenta una gran oportunidad para realizar una valoraci\u00f3n econ\u00f3mica de nuestros servicios ecosist\u00e9micos y analizar las posibilidades de su comercializaci\u00f3n y posibles cambios en pol\u00edticas ambientales.<\/p>\n<p style=\"text-align: justify;\">Ecuador ha expresado su inter\u00e9s en la implementaci\u00f3n de un estudio TEEB, pues este tipo de investigaciones ayudan a los pa\u00edses en el proceso de identificaci\u00f3n de formas para \u00abtrabajar con la naturaleza\u00bb. Los servicios ecosist\u00e9micos son vitales para alcanzar los objetivos establecidos en las pol\u00edticas nacionales, deben ser identificados y examinados en detalle, para lo cual se emiten recomendaciones para que estos servicios sean internalizados en las pol\u00edticas. En ese sentido, la Viceministra del Ambiente, expres\u00f3 \u201cnosotros tenemos los equipos, la voluntad pol\u00edtica y t\u00e9cnica para conocer, desarrollar, plantear y proponer el tema de una econom\u00eda verde\u201d.<\/p>\n<p style=\"text-align: justify;\">Es importante mencionar como antecedente a esta reuni\u00f3n, que el Ministerio del Ambiente (MAE) como l\u00edder de este proceso ha involucrado a varias instituciones gubernamentales, as\u00ed como a ONGs y a la Academ\u00eda, con el fin de incluir los servicios ecosist\u00e9micos relacionados a la captura de carbono, biodiversidad y servicios h\u00eddricos, en la balanza de servicios de Ecuador y en la pol\u00edtica p\u00fablica y econ\u00f3mica.<\/p>\n<p style=\"text-align: justify;\">En ese sentido, la Viceministra del Ambiente recalc\u00f3 que esta Cartera de Estado es quien va a liderar este proceso. \u201cPara ello, tenemos un equipo de planificaci\u00f3n listo, necesitamos capacitaci\u00f3n, pues es un tema nuevo, pero que queremos irlo introduciendo por la importancia que tiene para nosotros como Ministerio del Ambiente\u201d, asegur\u00f3 Hidalgo.<\/p>\n<p style=\"text-align: justify;\"><b>\u00bfQu\u00e9 es TEEB?<\/b><\/p>\n<p style=\"text-align: justify;\">Es una iniciativa mundial, patrocinada por el PNUMA, que tiene por objeto enfocar la atenci\u00f3n sobre los beneficios econ\u00f3micos de la biodiversidad. En su etapa inicial (2008-2012), la iniciativa se ocup\u00f3 de compilar y sintetizar las experiencias existentes para destacar los valores de la biodiversidad y de los servicios ecosist\u00e9micos, los cada vez mayores costos de la p\u00e9rdida de biodiversidad y de la degradaci\u00f3n de los ecosistemas, as\u00ed como los beneficios de adoptar de medidas para hacer frente a estas presiones.<b><\/b><\/p>\n<p style=\"text-align: justify;\">Esta iniciativa se enfoca en los beneficios econ\u00f3micos de la biodiversidad, en demostrar y captar los valores de los servicios ecosist\u00e9micos, relacionados a captura de carbono, biodiversidad y servicios h\u00eddricos para el bienestar humano y el desarrollo socioecon\u00f3mico.<\/p>\n<p style=\"text-align: justify;\"><strong>TEEB en Ecuador<\/strong><\/p>\n<p style=\"text-align: justify;\">Las medidas desarrolladas, a partir de los resultados del estudio, se integrar\u00e1n perfectamente en iniciativas nacionales de enfoque ecosist\u00e9mico, como son el cambio de matriz energ\u00e9tica y de comercio, al igual que la inclusi\u00f3n de los servicios ecosistemicos en la balanza de servicios.<\/p>\n<p style=\"text-align: justify;\">\n","protected":false},"excerpt":{"rendered":"<p class=\"excerpt\">Hoy, la Viceministra del Ambiente, M\u00f3nica Hidalgo, particip\u00f3 en una reuni\u00f3n oficial con representantes de la Iniciativa \u201cLa Econom\u00eda de los Ecosistemas y la Biodiversidad\u201d (TEEB, por sus siglas en ingl\u00e9s) del Programa de las Naciones Unidas para el Medio Ambiente (PNUMA-UNEP), con el objetivo de trabajar coordinadamente en temas relacionados a los beneficios econ\u00f3micos de la biodiversidad. La Ministra&hellip; <a href=\"https:\/\/www.ambienteyenergia.gob.ec\/ambiente\/ecuador-trabaja-en-un-estudio-nacional-para-la-economia-de-la-biodiversidad-y-de-servicios-ecosistemicos\/\">Read more &rarr;<\/a><\/p>\n","protected":false},"author":13,"featured_media":17128,"comment_status":"open","ping_status":"open","sticky":false,"template":"","format":"standard","meta":{"footnotes":""},"categories":[16,4],"tags":[],"class_list":["post-17127","post","type-post","status-publish","format-standard","has-post-thumbnail","hentry","category-comunicamos","category-noticias","xfolkentry"],"_links":{"self":[{"href":"https:\/\/www.ambienteyenergia.gob.ec\/ambiente\/wp-json\/wp\/v2\/posts\/17127","targetHints":{"allow":["GET"]}}],"collection":[{"href":"https:\/\/www.ambienteyenergia.gob.ec\/ambiente\/wp-json\/wp\/v2\/posts"}],"about":[{"href":"https:\/\/www.ambienteyenergia.gob.ec\/ambiente\/wp-json\/wp\/v2\/types\/post"}],"author":[{"embeddable":true,"href":"https:\/\/www.ambienteyenergia.gob.ec\/ambiente\/wp-json\/wp\/v2\/users\/13"}],"replies":[{"embeddable":true,"href":"https:\/\/www.ambienteyenergia.gob.ec\/ambiente\/wp-json\/wp\/v2\/comments?post=17127"}],"version-history":[{"count":0,"href":"https:\/\/www.ambienteyenergia.gob.ec\/ambiente\/wp-json\/wp\/v2\/posts\/17127\/revisions"}],"wp:featuredmedia":[{"embeddable":true,"href":"https:\/\/www.ambienteyenergia.gob.ec\/ambiente\/wp-json\/wp\/v2\/media\/17128"}],"wp:attachment":[{"href":"https:\/\/www.ambienteyenergia.gob.ec\/ambiente\/wp-json\/wp\/v2\/media?parent=17127"}],"wp:term":[{"taxonomy":"category","embeddable":true,"href":"https:\/\/www.ambienteyenergia.gob.ec\/ambiente\/wp-json\/wp\/v2\/categories?post=17127"},{"taxonomy":"post_tag","embeddable":true,"href":"https:\/\/www.ambienteyenergia.gob.ec\/ambiente\/wp-json\/wp\/v2\/tags?post=17127"}],"curies":[{"name":"wp","href":"https:\/\/api.w.org\/{rel}","templated":true}]}}