{"id":17124,"date":"2013-12-04T16:55:03","date_gmt":"2013-12-04T21:55:03","guid":{"rendered":"http:\/\/www.ambiente.gob.ec\/?p=17124"},"modified":"2013-12-04T17:28:58","modified_gmt":"2013-12-04T22:28:58","slug":"se-disuelve-la-fundacion-pachamama-tras-comprobarse-que-la-ong-violo-el-reglamento-de-organizaciones-sociales","status":"publish","type":"post","link":"https:\/\/www.ambienteyenergia.gob.ec\/ambiente\/se-disuelve-la-fundacion-pachamama-tras-comprobarse-que-la-ong-violo-el-reglamento-de-organizaciones-sociales\/","title":{"rendered":"Se disuelve  la Fundaci\u00f3n Pachamama, tras comprobarse que la ONG viol\u00f3 el Reglamento de Organizaciones Sociales"},"content":{"rendered":"<p style=\"text-align: justify;\">Hoy, el Ministerio del Ambiente del Ecuador (MAE) resolvi\u00f3 disolver de oficio a la Fundaci\u00f3n Pachamama, luego de que un informe del Ministerio de Interior comprobara que la ONG ejecutaba acciones que no constaban en sus\u00a0fines y objetivos estatutarios.<\/p>\n<p style=\"text-align: justify;\">La Intendencia General de Polic\u00eda de Pichincha cumpli\u00f3\u00a0este mi\u00e9rcoles con la imposici\u00f3n de sellos de disoluci\u00f3n de la organizaci\u00f3n no gubernamental, cuyas acciones violaban el\u00a0Reglamento del Sistema Unificado de Informaci\u00f3n de Organizaciones Sociales, art\u00edculo 26, numerales 2 y 7.<\/p>\n<p style=\"text-align: justify;\">Con la colaboraci\u00f3n del Ministerio del\u00a0Interior\u00a0se determin\u00f3 que la ONG comet\u00eda acciones de injerencia a pol\u00edticas p\u00fablicas atentando, seg\u00fan lo\u00a0que determina el Reglamento de Organizaciones Sociales, contra la seguridad interna del Estado y a la paz p\u00fablica.<\/p>\n<p style=\"text-align: justify;\">El Estado determin\u00f3 que representantes de esta entidad protagonizaron una violenta protesta, atentando contra el orden p\u00fablico y la integridad f\u00edsica de los asistentes a la apertura de ofertas para 13 bloques hidrocarbur\u00edferos, en la XI Ronda Petrolera del Sur Oriente, efectuada el pasado\u00a028 de noviembre, en Quito.<\/p>\n<p style=\"text-align: justify;\">En consecuencia, el MAE tom\u00f3 la decisi\u00f3n amparado en las facultades que tiene sobre las corporaciones, fundaciones y asociaciones vinculadas a los \u00e1mbitos de sus competencias.<\/p>\n<p style=\"text-align: justify;\"><a href=\"http:\/\/www.ambienteyenergia.gob.ec\/ambiente\/wp-content\/uploads\/2013\/12\/Acuerdo-3.jpg\"><img loading=\"lazy\" decoding=\"async\" class=\"aligncenter size-full wp-image-17134\" alt=\"Notificaci\u00f3n\" src=\"http:\/\/www.ambienteyenergia.gob.ec\/ambiente\/wp-content\/uploads\/2013\/12\/Notificaci\u00f3n.jpg\" width=\"411\" height=\"580\" srcset=\"https:\/\/www.ambienteyenergia.gob.ec\/ambiente\/wp-content\/uploads\/sites\/2\/2013\/12\/Notificaci\u00f3n.jpg 411w, https:\/\/www.ambienteyenergia.gob.ec\/ambiente\/wp-content\/uploads\/sites\/2\/2013\/12\/Notificaci\u00f3n-212x300.jpg 212w\" sizes=\"auto, (max-width: 411px) 100vw, 411px\" \/><img loading=\"lazy\" decoding=\"async\" class=\"aligncenter size-full wp-image-17133\" alt=\"Acuerdo 1\" src=\"http:\/\/www.ambienteyenergia.gob.ec\/ambiente\/wp-content\/uploads\/2013\/12\/Acuerdo-1.jpg\" width=\"411\" height=\"580\" srcset=\"https:\/\/www.ambienteyenergia.gob.ec\/ambiente\/wp-content\/uploads\/sites\/2\/2013\/12\/Acuerdo-1.jpg 411w, https:\/\/www.ambienteyenergia.gob.ec\/ambiente\/wp-content\/uploads\/sites\/2\/2013\/12\/Acuerdo-1-212x300.jpg 212w\" sizes=\"auto, (max-width: 411px) 100vw, 411px\" \/><\/a><a href=\"http:\/\/www.ambienteyenergia.gob.ec\/ambiente\/wp-content\/uploads\/2013\/12\/Acuerdo-2.jpg\"><img loading=\"lazy\" decoding=\"async\" class=\"aligncenter size-full wp-image-17132\" alt=\"Acuerdo 2\" src=\"http:\/\/www.ambienteyenergia.gob.ec\/ambiente\/wp-content\/uploads\/2013\/12\/Acuerdo-2.jpg\" width=\"413\" height=\"580\" srcset=\"https:\/\/www.ambienteyenergia.gob.ec\/ambiente\/wp-content\/uploads\/sites\/2\/2013\/12\/Acuerdo-2.jpg 413w, https:\/\/www.ambienteyenergia.gob.ec\/ambiente\/wp-content\/uploads\/sites\/2\/2013\/12\/Acuerdo-2-213x300.jpg 213w\" sizes=\"auto, (max-width: 413px) 100vw, 413px\" \/><\/a><a style=\"font-style: normal; line-height: 24px; text-decoration: underline;\" href=\"http:\/\/www.ambienteyenergia.gob.ec\/ambiente\/wp-content\/uploads\/2013\/12\/Acuerdo-3.jpg\"><img loading=\"lazy\" decoding=\"async\" class=\"aligncenter size-full wp-image-17131\" style=\"border-color: #bbbbbb; background-color: #eeeeee;\" alt=\"Acuerdo 3\" src=\"http:\/\/www.ambienteyenergia.gob.ec\/ambiente\/wp-content\/uploads\/2013\/12\/Acuerdo-3.jpg\" width=\"411\" height=\"580\" srcset=\"https:\/\/www.ambienteyenergia.gob.ec\/ambiente\/wp-content\/uploads\/sites\/2\/2013\/12\/Acuerdo-3.jpg 411w, https:\/\/www.ambienteyenergia.gob.ec\/ambiente\/wp-content\/uploads\/sites\/2\/2013\/12\/Acuerdo-3-212x300.jpg 212w\" sizes=\"auto, (max-width: 411px) 100vw, 411px\" \/><\/a><\/p>\n<p>&nbsp;<\/p>\n","protected":false},"excerpt":{"rendered":"<p class=\"excerpt\">Hoy, el Ministerio del Ambiente del Ecuador (MAE) resolvi\u00f3 disolver de oficio a la Fundaci\u00f3n Pachamama, luego de que un informe del Ministerio de Interior comprobara que la ONG ejecutaba acciones que no constaban en sus\u00a0fines y objetivos estatutarios. La Intendencia General de Polic\u00eda de Pichincha cumpli\u00f3\u00a0este mi\u00e9rcoles con la imposici\u00f3n de sellos de disoluci\u00f3n de la organizaci\u00f3n no gubernamental,&hellip; <a href=\"https:\/\/www.ambienteyenergia.gob.ec\/ambiente\/se-disuelve-la-fundacion-pachamama-tras-comprobarse-que-la-ong-violo-el-reglamento-de-organizaciones-sociales\/\">Read more &rarr;<\/a><\/p>\n","protected":false},"author":13,"featured_media":17125,"comment_status":"open","ping_status":"open","sticky":false,"template":"","format":"link","meta":{"footnotes":""},"categories":[16,4,10],"tags":[],"class_list":["post-17124","post","type-post","status-publish","format-link","has-post-thumbnail","hentry","category-comunicamos","category-noticias","category-noticias-destacadas","post_format-post-format-link","xfolkentry"],"_links":{"self":[{"href":"https:\/\/www.ambienteyenergia.gob.ec\/ambiente\/wp-json\/wp\/v2\/posts\/17124","targetHints":{"allow":["GET"]}}],"collection":[{"href":"https:\/\/www.ambienteyenergia.gob.ec\/ambiente\/wp-json\/wp\/v2\/posts"}],"about":[{"href":"https:\/\/www.ambienteyenergia.gob.ec\/ambiente\/wp-json\/wp\/v2\/types\/post"}],"author":[{"embeddable":true,"href":"https:\/\/www.ambienteyenergia.gob.ec\/ambiente\/wp-json\/wp\/v2\/users\/13"}],"replies":[{"embeddable":true,"href":"https:\/\/www.ambienteyenergia.gob.ec\/ambiente\/wp-json\/wp\/v2\/comments?post=17124"}],"version-history":[{"count":0,"href":"https:\/\/www.ambienteyenergia.gob.ec\/ambiente\/wp-json\/wp\/v2\/posts\/17124\/revisions"}],"wp:featuredmedia":[{"embeddable":true,"href":"https:\/\/www.ambienteyenergia.gob.ec\/ambiente\/wp-json\/wp\/v2\/media\/17125"}],"wp:attachment":[{"href":"https:\/\/www.ambienteyenergia.gob.ec\/ambiente\/wp-json\/wp\/v2\/media?parent=17124"}],"wp:term":[{"taxonomy":"category","embeddable":true,"href":"https:\/\/www.ambienteyenergia.gob.ec\/ambiente\/wp-json\/wp\/v2\/categories?post=17124"},{"taxonomy":"post_tag","embeddable":true,"href":"https:\/\/www.ambienteyenergia.gob.ec\/ambiente\/wp-json\/wp\/v2\/tags?post=17124"}],"curies":[{"name":"wp","href":"https:\/\/api.w.org\/{rel}","templated":true}]}}