{"id":17119,"date":"2013-12-04T15:16:10","date_gmt":"2013-12-04T20:16:10","guid":{"rendered":"http:\/\/www.ambiente.gob.ec\/?p=17119"},"modified":"2013-12-04T15:16:10","modified_gmt":"2013-12-04T20:16:10","slug":"mae-dicto-foro-video-sobre-el-uso-adecuado-de-pesticidas-en-esmeraldas","status":"publish","type":"post","link":"https:\/\/www.ambienteyenergia.gob.ec\/ambiente\/mae-dicto-foro-video-sobre-el-uso-adecuado-de-pesticidas-en-esmeraldas\/","title":{"rendered":"MAE dict\u00f3 foro video sobre el uso adecuado de pesticidas en Esmeraldas"},"content":{"rendered":"<p style=\"text-align: justify;\">Conferencias de capacitaci\u00f3n sobre el uso adecuado de agroqu\u00edmicos en la zona rural e insecticidas fueron los temas de mayor inter\u00e9s en el video-foro que dictaron t\u00e9cnicos de la Direcci\u00f3n Provincial del Ministerio del Ambiente de Esmeraldas.<\/p>\n<p style=\"text-align: justify;\">Este acto se realiz\u00f3 ayer en la Gobernaci\u00f3n de Esmeraldas, por el D\u00eda Internacional del Uso Adecuado de Pesticidas. Asistieron estudiantes de la Facultad de Ciencias Ambientales de la Universidad Cat\u00f3lica, de la Unidad Educativa Fiscal Tabiazo, funcionarios del Ministerio de Salud P\u00fablica (MSP), del Servicio de Erradicaci\u00f3n de la Malaria (SNEM), entre otros.<\/p>\n<p style=\"text-align: justify;\">Los empleados del SNEM plantearon una reuni\u00f3n con los del MAE, para que les dicten charlas sobre la manipulaci\u00f3n de insecticidas que ellos utilizan para la fumigaci\u00f3n de mosquitos.<\/p>\n<p style=\"text-align: justify;\">Tambi\u00e9n los del MSP solicitaron informaci\u00f3n sobre el manejo de productos qu\u00edmicos caducados. En tanto los alumnos de la Unidad Educativa Tabiazo, se interesaron en la eliminaci\u00f3n de los envases pl\u00e1sticos que contienen pesticidas.<\/p>\n<p style=\"text-align: justify;\">Conferencia similar se realiz\u00f3 en la parroquia Tabiazo, con la asistencia de unos 200 alumnos de los establecimientos educativos de esa localidad. Con los estudiantes se trabaj\u00f3 en la confecci\u00f3n del folleto \u201cPintando un Futuro Seguro\u201d.<\/p>\n<p style=\"text-align: justify;\">\n","protected":false},"excerpt":{"rendered":"<p class=\"excerpt\">Conferencias de capacitaci\u00f3n sobre el uso adecuado de agroqu\u00edmicos en la zona rural e insecticidas fueron los temas de mayor inter\u00e9s en el video-foro que dictaron t\u00e9cnicos de la Direcci\u00f3n Provincial del Ministerio del Ambiente de Esmeraldas. Este acto se realiz\u00f3 ayer en la Gobernaci\u00f3n de Esmeraldas, por el D\u00eda Internacional del Uso Adecuado de Pesticidas. Asistieron estudiantes de la&hellip; <a href=\"https:\/\/www.ambienteyenergia.gob.ec\/ambiente\/mae-dicto-foro-video-sobre-el-uso-adecuado-de-pesticidas-en-esmeraldas\/\">Read more &rarr;<\/a><\/p>\n","protected":false},"author":13,"featured_media":17120,"comment_status":"open","ping_status":"open","sticky":false,"template":"","format":"standard","meta":{"footnotes":""},"categories":[16,4],"tags":[],"class_list":["post-17119","post","type-post","status-publish","format-standard","has-post-thumbnail","hentry","category-comunicamos","category-noticias","xfolkentry"],"_links":{"self":[{"href":"https:\/\/www.ambienteyenergia.gob.ec\/ambiente\/wp-json\/wp\/v2\/posts\/17119","targetHints":{"allow":["GET"]}}],"collection":[{"href":"https:\/\/www.ambienteyenergia.gob.ec\/ambiente\/wp-json\/wp\/v2\/posts"}],"about":[{"href":"https:\/\/www.ambienteyenergia.gob.ec\/ambiente\/wp-json\/wp\/v2\/types\/post"}],"author":[{"embeddable":true,"href":"https:\/\/www.ambienteyenergia.gob.ec\/ambiente\/wp-json\/wp\/v2\/users\/13"}],"replies":[{"embeddable":true,"href":"https:\/\/www.ambienteyenergia.gob.ec\/ambiente\/wp-json\/wp\/v2\/comments?post=17119"}],"version-history":[{"count":0,"href":"https:\/\/www.ambienteyenergia.gob.ec\/ambiente\/wp-json\/wp\/v2\/posts\/17119\/revisions"}],"wp:featuredmedia":[{"embeddable":true,"href":"https:\/\/www.ambienteyenergia.gob.ec\/ambiente\/wp-json\/wp\/v2\/media\/17120"}],"wp:attachment":[{"href":"https:\/\/www.ambienteyenergia.gob.ec\/ambiente\/wp-json\/wp\/v2\/media?parent=17119"}],"wp:term":[{"taxonomy":"category","embeddable":true,"href":"https:\/\/www.ambienteyenergia.gob.ec\/ambiente\/wp-json\/wp\/v2\/categories?post=17119"},{"taxonomy":"post_tag","embeddable":true,"href":"https:\/\/www.ambienteyenergia.gob.ec\/ambiente\/wp-json\/wp\/v2\/tags?post=17119"}],"curies":[{"name":"wp","href":"https:\/\/api.w.org\/{rel}","templated":true}]}}