{"id":17115,"date":"2013-12-04T14:41:59","date_gmt":"2013-12-04T19:41:59","guid":{"rendered":"http:\/\/www.ambiente.gob.ec\/?p=17115"},"modified":"2013-12-04T14:41:59","modified_gmt":"2013-12-04T19:41:59","slug":"mae-capacita-a-los-gads-en-temas-de-cambio-climatico","status":"publish","type":"post","link":"https:\/\/www.ambienteyenergia.gob.ec\/ambiente\/mae-capacita-a-los-gads-en-temas-de-cambio-climatico\/","title":{"rendered":"MAE capacita a los GADs en temas de Cambio Clim\u00e1tico"},"content":{"rendered":"<p style=\"text-align: justify;\">El Ministerio del Ambiente, a trav\u00e9s de la Subsecretaria de Cambio Clim\u00e1tico, realiza la clausura de los talleres intermodulares de capacitaci\u00f3n en cambio clim\u00e1tico, dirigido a los Gobiernos Aut\u00f3nomos Descentralizados del Ecuador,\u00a0este mi\u00e9rcoles\u00a04 de diciembre, en Puerto Ayora \u2013 Gal\u00e1pagos.<\/p>\n<p style=\"text-align: justify;\">\n<p style=\"text-align: justify;\">Las entidades mencionadas, aunaron esfuerzos para llevar a cabo el proceso de fortalecimiento de capacidades de los t\u00e9cnicos en gesti\u00f3n ambiental de los Gobiernos Aut\u00f3nomos Descentralizados Provinciales,\u00a0para lo cual,\u00a0se dise\u00f1\u00f3\u00a0un programa compuesto por diez m\u00f3dulos de capacitaci\u00f3n, titulado \u201cCambio clim\u00e1tico en la gesti\u00f3n provincial\u201d.\u00a0 Durante el proceso se estudiaron\u00a0bases cient\u00edficas, t\u00e9cnicas y pol\u00edticas relacionadas con la tem\u00e1tica de cambio clim\u00e1tico y sus dos ejes de acci\u00f3n: Mitigaci\u00f3n y Adaptaci\u00f3n.<\/p>\n<p style=\"text-align: justify;\">Los t\u00e9cnicos en gesti\u00f3n ambiental, beneficiarios de la capacitaci\u00f3n, afirman que estos procesos son acertados y de suma importancia para sus provincias, ya que han obtenido las herramientas te\u00f3ricas necesarias para insertar la gesti\u00f3n del cambio clim\u00e1tico en cada una de sus provincias.<\/p>\n<p style=\"text-align: justify;\">Durante el presente a\u00f1o se han realizado nueve talleres de capacitaci\u00f3n en diferentes provincias, y finalmente el m\u00f3dulo n\u00famero diez se lo realiz\u00f3 en la provincia de Gal\u00e1pagos donde se conoci\u00f3 el proyecto e\u00f3lico de Baltra, como respuesta a las necesidades de la localidad, el mismo que tiene sinergias con la gesti\u00f3n de diferentes entidades del Gobierno Nacional.\u00a0 Para la Subsecretar\u00eda de Cambio Clim\u00e1tico, este proyecto cumple con los objetivos de reducci\u00f3n de emisiones de gases de efecto invernadero.<\/p>\n<p style=\"text-align: justify;\">Asimismo, las entidades (MAE y CONGOPE)\u00a0firmar\u00e1n\u00a0un convenio para\u00a0continuar con la segunda parte del proceso de fortalecimiento de capacidades\u00a0para gesti\u00f3n de cambio clim\u00e1tico en territorio, y se entregar\u00e1 los certificados de reconocimiento por la participaci\u00f3n de los t\u00e9cnicos en el curso mencionado.<\/p>\n","protected":false},"excerpt":{"rendered":"<p class=\"excerpt\">El Ministerio del Ambiente, a trav\u00e9s de la Subsecretaria de Cambio Clim\u00e1tico, realiza la clausura de los talleres intermodulares de capacitaci\u00f3n en cambio clim\u00e1tico, dirigido a los Gobiernos Aut\u00f3nomos Descentralizados del Ecuador,\u00a0este mi\u00e9rcoles\u00a04 de diciembre, en Puerto Ayora \u2013 Gal\u00e1pagos. Las entidades mencionadas, aunaron esfuerzos para llevar a cabo el proceso de fortalecimiento de capacidades de los t\u00e9cnicos en gesti\u00f3n&hellip; <a href=\"https:\/\/www.ambienteyenergia.gob.ec\/ambiente\/mae-capacita-a-los-gads-en-temas-de-cambio-climatico\/\">Read more &rarr;<\/a><\/p>\n","protected":false},"author":13,"featured_media":17116,"comment_status":"open","ping_status":"open","sticky":false,"template":"","format":"standard","meta":{"footnotes":""},"categories":[16,4],"tags":[],"class_list":["post-17115","post","type-post","status-publish","format-standard","has-post-thumbnail","hentry","category-comunicamos","category-noticias","xfolkentry"],"_links":{"self":[{"href":"https:\/\/www.ambienteyenergia.gob.ec\/ambiente\/wp-json\/wp\/v2\/posts\/17115","targetHints":{"allow":["GET"]}}],"collection":[{"href":"https:\/\/www.ambienteyenergia.gob.ec\/ambiente\/wp-json\/wp\/v2\/posts"}],"about":[{"href":"https:\/\/www.ambienteyenergia.gob.ec\/ambiente\/wp-json\/wp\/v2\/types\/post"}],"author":[{"embeddable":true,"href":"https:\/\/www.ambienteyenergia.gob.ec\/ambiente\/wp-json\/wp\/v2\/users\/13"}],"replies":[{"embeddable":true,"href":"https:\/\/www.ambienteyenergia.gob.ec\/ambiente\/wp-json\/wp\/v2\/comments?post=17115"}],"version-history":[{"count":0,"href":"https:\/\/www.ambienteyenergia.gob.ec\/ambiente\/wp-json\/wp\/v2\/posts\/17115\/revisions"}],"wp:featuredmedia":[{"embeddable":true,"href":"https:\/\/www.ambienteyenergia.gob.ec\/ambiente\/wp-json\/wp\/v2\/media\/17116"}],"wp:attachment":[{"href":"https:\/\/www.ambienteyenergia.gob.ec\/ambiente\/wp-json\/wp\/v2\/media?parent=17115"}],"wp:term":[{"taxonomy":"category","embeddable":true,"href":"https:\/\/www.ambienteyenergia.gob.ec\/ambiente\/wp-json\/wp\/v2\/categories?post=17115"},{"taxonomy":"post_tag","embeddable":true,"href":"https:\/\/www.ambienteyenergia.gob.ec\/ambiente\/wp-json\/wp\/v2\/tags?post=17115"}],"curies":[{"name":"wp","href":"https:\/\/api.w.org\/{rel}","templated":true}]}}