{"id":17111,"date":"2013-12-04T09:14:33","date_gmt":"2013-12-04T14:14:33","guid":{"rendered":"http:\/\/www.ambiente.gob.ec\/?p=17111"},"modified":"2013-12-04T09:14:33","modified_gmt":"2013-12-04T14:14:33","slug":"autoridad-ambiental-en-galapagos-realiza-proceso-participativo-de-su-planificacion-para-el-2014","status":"publish","type":"post","link":"https:\/\/www.ambienteyenergia.gob.ec\/ambiente\/autoridad-ambiental-en-galapagos-realiza-proceso-participativo-de-su-planificacion-para-el-2014\/","title":{"rendered":"Autoridad ambiental en Gal\u00e1pagos realiza proceso participativo de su planificaci\u00f3n para el 2014"},"content":{"rendered":"<p style=\"text-align: justify;\"><i>Con los aportes de las diferentes instituciones y organizaciones se estableci\u00f3 una matriz de actividades prioritarias a ejecutarse en conjunto el pr\u00f3ximo a\u00f1o.<\/i><\/p>\n<p style=\"text-align: justify;\">El Ministerio del Ambiente del Ecuador (MAE) y la Direcci\u00f3n del Parque Nacional Gal\u00e1pagos (DPNG), reconociendo la importancia del apoyo interinstitucional para fortalecer la gesti\u00f3n y manejo de las \u00e1reas protegidas de Gal\u00e1pagos, desarrollaron un taller denominado \u201cPlanificaci\u00f3n Operativa Cooperativa para el 2014\u201d, a trav\u00e9s del cual esta Cartera de Estado busca articular las diferentes acciones que realiza en las islas y las propuestas de colaboraci\u00f3n de otros organismos.<\/p>\n<p style=\"text-align: justify;\">La DPNG junto con la <em>Agencia<\/em><i> <\/i>de Regulaci\u00f3n y <em>Control<\/em><i> <\/i>de la Bioseguridad y<i> <\/i><em>Cuarentena<\/em> para Gal\u00e1pagos (ABG); los Ministerios de Agricultura, Ganader\u00eda, Acuacultura y Pesca, de Turismo y de Industrias y Productividad; previamente trabaj\u00f3 en una matriz de coordinaci\u00f3n operativa de la DPNG para el 2014, la misma que se fortalece en el presente taller con la participaci\u00f3n de otras instituciones y organizaciones no gubernamentales invitadas, identificando \u00e1reas de cooperaci\u00f3n y ejecuci\u00f3n conjunta.<\/p>\n<p style=\"text-align: justify;\">En la reuni\u00f3n participaron los representantes de las instituciones p\u00fablicas antes mencionadas y asimismo, se incorporaron delegados del Consejo de Gobierno de Gal\u00e1pagos (CGG), Armada Nacional, Polic\u00eda Nacional, Secretar\u00eda Nacional del Agua (Senagua). Por otra parte, las organizaciones no gubernamentales que asistieron a esta asamblea fueron Conservaci\u00f3n Internacional, Fundaci\u00f3n Charles Darwin, Island Conservation, Fundar Gal\u00e1pagos, Sea Shepherd Conservation Society, Wild Aid, Word Wildlife Fund Gal\u00e1pagos (WWF), Gal\u00e1pagos Science Center de la Universidad San Francisco de Quito, Galapagos Conservancy, Fondo para el Control de las Especies Introducidas en Gal\u00e1pagos (FEIG) y Fundaci\u00f3n Pr\u00edncipe Carlos.<\/p>\n<p style=\"text-align: justify;\">La cooperaci\u00f3n interinstitucional est\u00e1 relacionado no solo con la parte operativa, sino tambi\u00e9n t\u00e9cnica y financiera de los diferentes programas que ejecuta la DPNG para la conservaci\u00f3n y restauraci\u00f3n de los ecosistemas terrestres y marinos de Gal\u00e1pagos, y para alcanzar el buen vivir de sus habitantes, a partir del uso racional de los bienes y servicios ambientales que ofrecen.<\/p>\n<p style=\"text-align: justify;\">El Director de la DPNG, Arturo Izurieta, recalc\u00f3 el compromiso de \u201cestablecer una cultura de cooperaci\u00f3n interinstitucional respetando las jurisdicciones y competencias, optimizando recursos y demostrando que entre todos podemos lograr el buen vivir en las islas\u201d.<\/p>\n<p style=\"text-align: justify;\">Al final de la jornada, la DPNG elabor\u00f3 una matriz de planificaci\u00f3n operativa cooperativa para el a\u00f1o 2014, que fortalecer\u00e1 la ejecuci\u00f3n coordinada entre la autoridad ambiental y sus aliados estrat\u00e9gicos.<\/p>\n<p style=\"text-align: justify;\">\n","protected":false},"excerpt":{"rendered":"<p class=\"excerpt\">Con los aportes de las diferentes instituciones y organizaciones se estableci\u00f3 una matriz de actividades prioritarias a ejecutarse en conjunto el pr\u00f3ximo a\u00f1o. El Ministerio del Ambiente del Ecuador (MAE) y la Direcci\u00f3n del Parque Nacional Gal\u00e1pagos (DPNG), reconociendo la importancia del apoyo interinstitucional para fortalecer la gesti\u00f3n y manejo de las \u00e1reas protegidas de Gal\u00e1pagos, desarrollaron un taller denominado&hellip; <a href=\"https:\/\/www.ambienteyenergia.gob.ec\/ambiente\/autoridad-ambiental-en-galapagos-realiza-proceso-participativo-de-su-planificacion-para-el-2014\/\">Read more &rarr;<\/a><\/p>\n","protected":false},"author":13,"featured_media":17112,"comment_status":"open","ping_status":"open","sticky":false,"template":"","format":"standard","meta":{"footnotes":""},"categories":[16,4],"tags":[],"class_list":["post-17111","post","type-post","status-publish","format-standard","has-post-thumbnail","hentry","category-comunicamos","category-noticias","xfolkentry"],"_links":{"self":[{"href":"https:\/\/www.ambienteyenergia.gob.ec\/ambiente\/wp-json\/wp\/v2\/posts\/17111","targetHints":{"allow":["GET"]}}],"collection":[{"href":"https:\/\/www.ambienteyenergia.gob.ec\/ambiente\/wp-json\/wp\/v2\/posts"}],"about":[{"href":"https:\/\/www.ambienteyenergia.gob.ec\/ambiente\/wp-json\/wp\/v2\/types\/post"}],"author":[{"embeddable":true,"href":"https:\/\/www.ambienteyenergia.gob.ec\/ambiente\/wp-json\/wp\/v2\/users\/13"}],"replies":[{"embeddable":true,"href":"https:\/\/www.ambienteyenergia.gob.ec\/ambiente\/wp-json\/wp\/v2\/comments?post=17111"}],"version-history":[{"count":0,"href":"https:\/\/www.ambienteyenergia.gob.ec\/ambiente\/wp-json\/wp\/v2\/posts\/17111\/revisions"}],"wp:featuredmedia":[{"embeddable":true,"href":"https:\/\/www.ambienteyenergia.gob.ec\/ambiente\/wp-json\/wp\/v2\/media\/17112"}],"wp:attachment":[{"href":"https:\/\/www.ambienteyenergia.gob.ec\/ambiente\/wp-json\/wp\/v2\/media?parent=17111"}],"wp:term":[{"taxonomy":"category","embeddable":true,"href":"https:\/\/www.ambienteyenergia.gob.ec\/ambiente\/wp-json\/wp\/v2\/categories?post=17111"},{"taxonomy":"post_tag","embeddable":true,"href":"https:\/\/www.ambienteyenergia.gob.ec\/ambiente\/wp-json\/wp\/v2\/tags?post=17111"}],"curies":[{"name":"wp","href":"https:\/\/api.w.org\/{rel}","templated":true}]}}