{"id":17108,"date":"2013-12-04T08:47:16","date_gmt":"2013-12-04T13:47:16","guid":{"rendered":"http:\/\/www.ambiente.gob.ec\/?p=17108"},"modified":"2013-12-04T08:47:16","modified_gmt":"2013-12-04T13:47:16","slug":"mae-decomiso-12-m%c2%b3-de-madera-proveniente-de-la-zona-oriental-en-chimborazo","status":"publish","type":"post","link":"https:\/\/www.ambienteyenergia.gob.ec\/ambiente\/mae-decomiso-12-m%c2%b3-de-madera-proveniente-de-la-zona-oriental-en-chimborazo\/","title":{"rendered":"MAE decomis\u00f3 12 m\u00b3 de madera proveniente de la zona oriental en Chimborazo"},"content":{"rendered":"<p style=\"text-align: justify;\">El Ministerio del Ambiente (MAE), como una de las<b> <\/b>estrategias para reducir el tr\u00e1fico ilegal de madera en todo el pa\u00eds, realiza operativos de control forestal continuamente en la provincia de Chimborazo, y como resultado de ello, la tarde de ayer, personal del Parque Nacional Sangay zona alta decomis\u00f3 aproximadamente 12 metros c\u00fabicos de madera en un cami\u00f3n que circulaba por el sector de Atillo, parroquia\u00a0 Cebadas, en la v\u00eda\u00a0 Guamote &#8211;\u00a0 Macas.<\/p>\n<p style=\"text-align: justify;\">Las especies incautadas eran nativas\u00a0de la zona oriental como Copal (<i>Dracoides peruviana<\/i>) y Sangre de Gallina (<i>Otoba glycicarpa<\/i>).<\/p>\n<p style=\"text-align: justify;\">El MAE, en coordinaci\u00f3n con un contingente de la Unidad de Polic\u00eda Medio Ambiental (UPMA), ejecuta este tipo de inspecciones con el fin de evitar el tr\u00e1fico ilegal de madera y verificar que todos los comerciantes de madera tengan los permisos requeridos por esta Cartera de Estado como la gu\u00eda de movilizaci\u00f3n.<\/p>\n<p style=\"text-align: justify;\">La conservaci\u00f3n de los bosques es una prioridad para el MAE, por esta raz\u00f3n, se implementaron estos sistemas de control, para propiciar un manejo sustentable de\u00a0\u00a0 recursos forestales y la protecci\u00f3n de su diversidad. Adem\u00e1s, de contribuir al crecimiento econ\u00f3mico y al desarrollo social.<\/p>\n","protected":false},"excerpt":{"rendered":"<p class=\"excerpt\">El Ministerio del Ambiente (MAE), como una de las estrategias para reducir el tr\u00e1fico ilegal de madera en todo el pa\u00eds, realiza operativos de control forestal continuamente en la provincia de Chimborazo, y como resultado de ello, la tarde de ayer, personal del Parque Nacional Sangay zona alta decomis\u00f3 aproximadamente 12 metros c\u00fabicos de madera en un cami\u00f3n que circulaba&hellip; <a href=\"https:\/\/www.ambienteyenergia.gob.ec\/ambiente\/mae-decomiso-12-m%c2%b3-de-madera-proveniente-de-la-zona-oriental-en-chimborazo\/\">Read more &rarr;<\/a><\/p>\n","protected":false},"author":13,"featured_media":17109,"comment_status":"open","ping_status":"open","sticky":false,"template":"","format":"standard","meta":{"footnotes":""},"categories":[16,4],"tags":[],"class_list":["post-17108","post","type-post","status-publish","format-standard","has-post-thumbnail","hentry","category-comunicamos","category-noticias","xfolkentry"],"_links":{"self":[{"href":"https:\/\/www.ambienteyenergia.gob.ec\/ambiente\/wp-json\/wp\/v2\/posts\/17108","targetHints":{"allow":["GET"]}}],"collection":[{"href":"https:\/\/www.ambienteyenergia.gob.ec\/ambiente\/wp-json\/wp\/v2\/posts"}],"about":[{"href":"https:\/\/www.ambienteyenergia.gob.ec\/ambiente\/wp-json\/wp\/v2\/types\/post"}],"author":[{"embeddable":true,"href":"https:\/\/www.ambienteyenergia.gob.ec\/ambiente\/wp-json\/wp\/v2\/users\/13"}],"replies":[{"embeddable":true,"href":"https:\/\/www.ambienteyenergia.gob.ec\/ambiente\/wp-json\/wp\/v2\/comments?post=17108"}],"version-history":[{"count":0,"href":"https:\/\/www.ambienteyenergia.gob.ec\/ambiente\/wp-json\/wp\/v2\/posts\/17108\/revisions"}],"wp:featuredmedia":[{"embeddable":true,"href":"https:\/\/www.ambienteyenergia.gob.ec\/ambiente\/wp-json\/wp\/v2\/media\/17109"}],"wp:attachment":[{"href":"https:\/\/www.ambienteyenergia.gob.ec\/ambiente\/wp-json\/wp\/v2\/media?parent=17108"}],"wp:term":[{"taxonomy":"category","embeddable":true,"href":"https:\/\/www.ambienteyenergia.gob.ec\/ambiente\/wp-json\/wp\/v2\/categories?post=17108"},{"taxonomy":"post_tag","embeddable":true,"href":"https:\/\/www.ambienteyenergia.gob.ec\/ambiente\/wp-json\/wp\/v2\/tags?post=17108"}],"curies":[{"name":"wp","href":"https:\/\/api.w.org\/{rel}","templated":true}]}}