{"id":17100,"date":"2013-12-03T16:13:48","date_gmt":"2013-12-03T21:13:48","guid":{"rendered":"http:\/\/www.ambiente.gob.ec\/?p=17100"},"modified":"2013-12-04T08:40:51","modified_gmt":"2013-12-04T13:40:51","slug":"alrededor-de-60-estudiantes-participaron-en-video-foro-sobre-el-dia-mundial-del-no-uso-de-plaguicidas","status":"publish","type":"post","link":"https:\/\/www.ambienteyenergia.gob.ec\/ambiente\/alrededor-de-60-estudiantes-participaron-en-video-foro-sobre-el-dia-mundial-del-no-uso-de-plaguicidas\/","title":{"rendered":"Alrededor de 60 estudiantes participaron en video\u2013foro sobre el D\u00eda Mundial del No Uso de Plaguicidas"},"content":{"rendered":"<p lang=\"es-ES\" align=\"JUSTIFY\"><span style=\"color: #000000;\">Con motivo de celebrarse hoy el D\u00eda Mundial del No Uso de Plaguicidas, el Ministerio del Ambiente (MAE), a trav\u00e9s de la Direcci\u00f3n Provincial de Santo Domingo de los Ts\u00e1chilas, realiz\u00f3 un video-foro en el que participaron alrededor de 60 estudiantes de los Colegios T\u00e9cnicos Agropecuarios \u201cAbraham Calazac\u00f3n\u201d y Hern\u00e1n Malo Gonz\u00e1lez. El objetivo principal fue concienciar a la poblaci\u00f3n sobre la importancia de disminuir el consumo de plaguicidas y agroqu\u00edmicos, a partir del uso correcto de los mismos.<\/span><\/p>\n<p lang=\"es-ES\" align=\"JUSTIFY\"><span style=\"color: #000000;\">Funcionarios de<b> <\/b>la Unidad de Calidad Ambiental y de la Unidad de Patrimonio Natural del MAE explicaron a profundidad el tema, para lo cual, proyectaron dos videos y se realizaron din\u00e1micas de grupos y preguntas relacionadas con el manejo responsable de agroqu\u00edmicos y la agricultura alternativa-ecol\u00f3gica.<\/span><\/p>\n<p lang=\"es-ES\" align=\"JUSTIFY\"><span style=\"color: #000000;\">Como parte de esta jornada educativa, e entregaron bolsos, manillas y folletos relacionados con el manejo responsable de los agroqu\u00edmicos a los participantes que respondieron correctamente las preguntas formuladas por los panelistas.<\/span><\/p>\n<p lang=\"es-ES\" align=\"JUSTIFY\"><span style=\"color: #000000;\">Iniciativas como esta buscan promover la conservaci\u00f3n de la madre naturaleza, a partir de un manejo adecuado de los agroqu\u00edmicos y teniendo siempre como alternativa el uso productos de origen natural.<\/span><\/p>\n","protected":false},"excerpt":{"rendered":"<p class=\"excerpt\">Con motivo de celebrarse hoy el D\u00eda Mundial del No Uso de Plaguicidas, el Ministerio del Ambiente (MAE), a trav\u00e9s de la Direcci\u00f3n Provincial de Santo Domingo de los Ts\u00e1chilas, realiz\u00f3 un video-foro en el que participaron alrededor de 60 estudiantes de los Colegios T\u00e9cnicos Agropecuarios \u201cAbraham Calazac\u00f3n\u201d y Hern\u00e1n Malo Gonz\u00e1lez. El objetivo principal fue concienciar a la poblaci\u00f3n&hellip; <a href=\"https:\/\/www.ambienteyenergia.gob.ec\/ambiente\/alrededor-de-60-estudiantes-participaron-en-video-foro-sobre-el-dia-mundial-del-no-uso-de-plaguicidas\/\">Read more &rarr;<\/a><\/p>\n","protected":false},"author":13,"featured_media":17102,"comment_status":"open","ping_status":"open","sticky":false,"template":"","format":"standard","meta":{"footnotes":""},"categories":[16,4],"tags":[],"class_list":["post-17100","post","type-post","status-publish","format-standard","has-post-thumbnail","hentry","category-comunicamos","category-noticias","xfolkentry"],"_links":{"self":[{"href":"https:\/\/www.ambienteyenergia.gob.ec\/ambiente\/wp-json\/wp\/v2\/posts\/17100","targetHints":{"allow":["GET"]}}],"collection":[{"href":"https:\/\/www.ambienteyenergia.gob.ec\/ambiente\/wp-json\/wp\/v2\/posts"}],"about":[{"href":"https:\/\/www.ambienteyenergia.gob.ec\/ambiente\/wp-json\/wp\/v2\/types\/post"}],"author":[{"embeddable":true,"href":"https:\/\/www.ambienteyenergia.gob.ec\/ambiente\/wp-json\/wp\/v2\/users\/13"}],"replies":[{"embeddable":true,"href":"https:\/\/www.ambienteyenergia.gob.ec\/ambiente\/wp-json\/wp\/v2\/comments?post=17100"}],"version-history":[{"count":0,"href":"https:\/\/www.ambienteyenergia.gob.ec\/ambiente\/wp-json\/wp\/v2\/posts\/17100\/revisions"}],"wp:featuredmedia":[{"embeddable":true,"href":"https:\/\/www.ambienteyenergia.gob.ec\/ambiente\/wp-json\/wp\/v2\/media\/17102"}],"wp:attachment":[{"href":"https:\/\/www.ambienteyenergia.gob.ec\/ambiente\/wp-json\/wp\/v2\/media?parent=17100"}],"wp:term":[{"taxonomy":"category","embeddable":true,"href":"https:\/\/www.ambienteyenergia.gob.ec\/ambiente\/wp-json\/wp\/v2\/categories?post=17100"},{"taxonomy":"post_tag","embeddable":true,"href":"https:\/\/www.ambienteyenergia.gob.ec\/ambiente\/wp-json\/wp\/v2\/tags?post=17100"}],"curies":[{"name":"wp","href":"https:\/\/api.w.org\/{rel}","templated":true}]}}