{"id":17090,"date":"2013-12-03T14:52:00","date_gmt":"2013-12-03T19:52:00","guid":{"rendered":"http:\/\/www.ambiente.gob.ec\/?p=17090"},"modified":"2013-12-04T16:14:41","modified_gmt":"2013-12-04T21:14:41","slug":"ministra-lorena-tapia-realizo-un-recorrido-junto-al-presidente-correa-en-el-bosque-protector-colonso-en-napo","status":"publish","type":"post","link":"https:\/\/www.ambienteyenergia.gob.ec\/ambiente\/ministra-lorena-tapia-realizo-un-recorrido-junto-al-presidente-correa-en-el-bosque-protector-colonso-en-napo\/","title":{"rendered":"Presidente Rafael Correa realiz\u00f3 un recorrido junto a la Ministra Lorena Tapia en el Bosque Protector Colonso, en Napo"},"content":{"rendered":"<p style=\"text-align: justify;\">Hoy, la Ministra del Ambiente, Lorena Tapia, visit\u00f3 junto al Presidente de la Rep\u00fablica, Rafael Correa, el Bosque Protector Colonso, ubicado en los cantones Tena y Archidona, en la provincia de Napo. El objetivo de la visita oficial fue conocer los atractivos que esta \u00e1rea protegida ofrece a los visitantes y constatar el avance en la construcci\u00f3n de los senderos ecol\u00f3gicos.<\/p>\n<p style=\"text-align: justify;\">Este Bosque Protector tiene una importancia trascendental, debido a que es la principal fuente de abastecimiento de agua, tanto para la ciudad de Tena como de Archidona. Por esta raz\u00f3n, el Ministerio del Ambiente (MAE) firm\u00f3 un convenio en el 2007, con la Fundaci\u00f3n Bosques para la Conservaci\u00f3n, con la finalidad de asegurar la protecci\u00f3n de los ecosistemas naturales, y la fijaci\u00f3n y almacenamiento de CO\u2082 , que tiende a disminuir el efecto invernadero.<\/p>\n<p style=\"text-align: justify;\">La Ministra Tapia explic\u00f3 al Presidente que durante la implementaci\u00f3n de este convenio, que concluy\u00f3 el a\u00f1o 2012, se realizaron algunas investigaciones de\u00a0 flora, fauna y almacenamiento de carbono.<\/p>\n<p style=\"text-align: justify;\">Asimismo, como parte de este acuerdo se construyeron senderos ecol\u00f3gicos que permitir\u00e1n a los visitantes hacer recorridos dentro del Bosque Protector, \u00e9stos constan de tres circuitos, con diferentes grados de dificultad. El tiempo de los senderos var\u00eda, el m\u00e1s corto es de una hora y el m\u00e1s largo de cinco horas, en donde se puede encontrar \u00e1rboles de gran tama\u00f1o como chuncho, canelo, caimitillo; plantas nativas como,\u00a0 orqu\u00eddeas y bromelias, entre otras.<\/p>\n<p style=\"text-align: justify;\">El MAE como principal autoridad ambiental realiza mantenimiento de senderos, miradores y se\u00f1al\u00e9tica, lo que fue constatado por el Primer Mandatario.<\/p>\n<p style=\"text-align: justify;\">De igual manera, se contrat\u00f3 guardabosques pertenecientes a las comunidades aleda\u00f1as, para ejecutar actividades de monitoreo y control, con el fin de evitar la tala, caza y pesca ilegal.<\/p>\n<p style=\"text-align: justify;\">Adem\u00e1s, en coordinaci\u00f3n con la Subsecretar\u00eda de Tierras, se apoy\u00f3 en la regularizaci\u00f3n de la tenencia de la tierra a comunidades colindantes con el bosque, como estrategia para evitar la presi\u00f3n hacia el bosque con la tala ilegal y posibles invasiones.<\/p>\n<p>El Primer Mandatario, al finalizar el recorrido, comparti\u00f3 unos momentos con personal del MAE, quienes agradecieron su visita y como muestra de ello, le entregaron el uniforme de guardaparques.<\/p>\n<p>Visita la galer\u00eda fotogr\u00e1fica de Flickr dando click <a href=\"http:\/\/www.flickr.com\/photos\/ministerioambienteecuador\/sets\/72157638352566126\/\">aqu\u00ed<\/a><\/p>\n<div id='gallery-1' class='gallery galleryid-17090 gallery-columns-3 gallery-size-thumbnail'><dl class='gallery-item'>\n\t\t\t<dt class='gallery-icon landscape'>\n\t\t\t\t<a href='https:\/\/www.ambienteyenergia.gob.ec\/ambiente\/ministra-lorena-tapia-realizo-un-recorrido-junto-al-presidente-correa-en-el-bosque-protector-colonso-en-napo\/img-20131203-wa0010\/'><img loading=\"lazy\" decoding=\"async\" width=\"150\" height=\"150\" src=\"https:\/\/www.ambienteyenergia.gob.ec\/ambiente\/wp-content\/uploads\/sites\/2\/2013\/12\/IMG-20131203-WA0010-150x150.jpg\" class=\"attachment-thumbnail size-thumbnail\" alt=\"\" \/><\/a>\n\t\t\t<\/dt><\/dl><dl class='gallery-item'>\n\t\t\t<dt class='gallery-icon landscape'>\n\t\t\t\t<a href='https:\/\/www.ambienteyenergia.gob.ec\/ambiente\/ministra-lorena-tapia-realizo-un-recorrido-junto-al-presidente-correa-en-el-bosque-protector-colonso-en-napo\/img-20131203-wa0012\/'><img loading=\"lazy\" decoding=\"async\" width=\"150\" height=\"150\" src=\"https:\/\/www.ambienteyenergia.gob.ec\/ambiente\/wp-content\/uploads\/sites\/2\/2013\/12\/IMG-20131203-WA0012-150x150.jpg\" class=\"attachment-thumbnail size-thumbnail\" alt=\"\" \/><\/a>\n\t\t\t<\/dt><\/dl><dl class='gallery-item'>\n\t\t\t<dt class='gallery-icon landscape'>\n\t\t\t\t<a href='https:\/\/www.ambienteyenergia.gob.ec\/ambiente\/ministra-lorena-tapia-realizo-un-recorrido-junto-al-presidente-correa-en-el-bosque-protector-colonso-en-napo\/img-20131203-wa0011\/'><img loading=\"lazy\" decoding=\"async\" width=\"150\" height=\"150\" src=\"https:\/\/www.ambienteyenergia.gob.ec\/ambiente\/wp-content\/uploads\/sites\/2\/2013\/12\/IMG-20131203-WA0011-150x150.jpg\" class=\"attachment-thumbnail size-thumbnail\" alt=\"\" \/><\/a>\n\t\t\t<\/dt><\/dl><br style=\"clear: both\" \/><dl class='gallery-item'>\n\t\t\t<dt class='gallery-icon landscape'>\n\t\t\t\t<a href='https:\/\/www.ambienteyenergia.gob.ec\/ambiente\/ministra-lorena-tapia-realizo-un-recorrido-junto-al-presidente-correa-en-el-bosque-protector-colonso-en-napo\/img-20131203-wa0008\/'><img loading=\"lazy\" decoding=\"async\" width=\"150\" height=\"150\" src=\"https:\/\/www.ambienteyenergia.gob.ec\/ambiente\/wp-content\/uploads\/sites\/2\/2013\/12\/IMG-20131203-WA0008-150x150.jpg\" class=\"attachment-thumbnail size-thumbnail\" alt=\"\" \/><\/a>\n\t\t\t<\/dt><\/dl>\n\t\t\t<br style='clear: both' \/>\n\t\t<\/div>\n\n","protected":false},"excerpt":{"rendered":"<p class=\"excerpt\">Hoy, la Ministra del Ambiente, Lorena Tapia, visit\u00f3 junto al Presidente de la Rep\u00fablica, Rafael Correa, el Bosque Protector Colonso, ubicado en los cantones Tena y Archidona, en la provincia de Napo. El objetivo de la visita oficial fue conocer los atractivos que esta \u00e1rea protegida ofrece a los visitantes y constatar el avance en la construcci\u00f3n de los senderos&hellip; <a href=\"https:\/\/www.ambienteyenergia.gob.ec\/ambiente\/ministra-lorena-tapia-realizo-un-recorrido-junto-al-presidente-correa-en-el-bosque-protector-colonso-en-napo\/\">Read more &rarr;<\/a><\/p>\n","protected":false},"author":13,"featured_media":17091,"comment_status":"open","ping_status":"open","sticky":false,"template":"","format":"standard","meta":{"footnotes":""},"categories":[16,4],"tags":[],"class_list":["post-17090","post","type-post","status-publish","format-standard","has-post-thumbnail","hentry","category-comunicamos","category-noticias","xfolkentry"],"_links":{"self":[{"href":"https:\/\/www.ambienteyenergia.gob.ec\/ambiente\/wp-json\/wp\/v2\/posts\/17090","targetHints":{"allow":["GET"]}}],"collection":[{"href":"https:\/\/www.ambienteyenergia.gob.ec\/ambiente\/wp-json\/wp\/v2\/posts"}],"about":[{"href":"https:\/\/www.ambienteyenergia.gob.ec\/ambiente\/wp-json\/wp\/v2\/types\/post"}],"author":[{"embeddable":true,"href":"https:\/\/www.ambienteyenergia.gob.ec\/ambiente\/wp-json\/wp\/v2\/users\/13"}],"replies":[{"embeddable":true,"href":"https:\/\/www.ambienteyenergia.gob.ec\/ambiente\/wp-json\/wp\/v2\/comments?post=17090"}],"version-history":[{"count":0,"href":"https:\/\/www.ambienteyenergia.gob.ec\/ambiente\/wp-json\/wp\/v2\/posts\/17090\/revisions"}],"wp:featuredmedia":[{"embeddable":true,"href":"https:\/\/www.ambienteyenergia.gob.ec\/ambiente\/wp-json\/wp\/v2\/media\/17091"}],"wp:attachment":[{"href":"https:\/\/www.ambienteyenergia.gob.ec\/ambiente\/wp-json\/wp\/v2\/media?parent=17090"}],"wp:term":[{"taxonomy":"category","embeddable":true,"href":"https:\/\/www.ambienteyenergia.gob.ec\/ambiente\/wp-json\/wp\/v2\/categories?post=17090"},{"taxonomy":"post_tag","embeddable":true,"href":"https:\/\/www.ambienteyenergia.gob.ec\/ambiente\/wp-json\/wp\/v2\/tags?post=17090"}],"curies":[{"name":"wp","href":"https:\/\/api.w.org\/{rel}","templated":true}]}}