{"id":17080,"date":"2013-12-03T10:52:29","date_gmt":"2013-12-03T15:52:29","guid":{"rendered":"http:\/\/www.ambiente.gob.ec\/?p=17080"},"modified":"2013-12-03T10:52:56","modified_gmt":"2013-12-03T15:52:56","slug":"mae-confisco-135-elementos-constitutivos-de-fauna-silvestre-en-guayaquil","status":"publish","type":"post","link":"https:\/\/www.ambienteyenergia.gob.ec\/ambiente\/mae-confisco-135-elementos-constitutivos-de-fauna-silvestre-en-guayaquil\/","title":{"rendered":"MAE confisc\u00f3 135 elementos constitutivos de fauna silvestre en Guayaquil"},"content":{"rendered":"<p style=\"text-align: justify;\">El Ministerio del Ambiente (MAE), en coordinaci\u00f3n con la Unidad de Polic\u00eda del Medio Ambiente (UPMA) y la Fiscal\u00eda del Guayas, decomis\u00f3 varios elementos constitutivos de fauna silvestre en el mercado Artesanal de Guayaquil, el pasado 29 de noviembre. En total se confiscaron 135 piezas de artesan\u00edas, pieles y otros objetos, que eran comercializados en distintos locales comerciales.<\/p>\n<p style=\"text-align: justify;\">Entre los elementos incautados est\u00e1n carteras y billeteras elaboradas de piel de serpiente, cabezas de caim\u00e1n, objetos realizados con piel de iguana, conchas Spondylus, estrellas de mar y caballitos de mar.<\/p>\n<p style=\"text-align: justify;\">Esta acci\u00f3n est\u00e1 amparada en el Art. 73 de la Constituci\u00f3n, en el que se menciona que \u201cEl Estado aplicar\u00e1 medidas de precauci\u00f3n y restricci\u00f3n para las actividades que puedan conducir a la extinci\u00f3n de especies, la destrucci\u00f3n de ecosistemas o la alteraci\u00f3n permanente de los ciclos naturales\u201d.<\/p>\n<p style=\"text-align: justify;\">El MAE como principal autoridad ambiental del pa\u00eds, con este tipo de operativos, busca controlar la caza indiscriminada e ilegal de fauna silvestre y asimismo, promueve la conservaci\u00f3n de estas especies.<\/p>\n","protected":false},"excerpt":{"rendered":"<p class=\"excerpt\">El Ministerio del Ambiente (MAE), en coordinaci\u00f3n con la Unidad de Polic\u00eda del Medio Ambiente (UPMA) y la Fiscal\u00eda del Guayas, decomis\u00f3 varios elementos constitutivos de fauna silvestre en el mercado Artesanal de Guayaquil, el pasado 29 de noviembre. En total se confiscaron 135 piezas de artesan\u00edas, pieles y otros objetos, que eran comercializados en distintos locales comerciales. Entre los&hellip; <a href=\"https:\/\/www.ambienteyenergia.gob.ec\/ambiente\/mae-confisco-135-elementos-constitutivos-de-fauna-silvestre-en-guayaquil\/\">Read more &rarr;<\/a><\/p>\n","protected":false},"author":13,"featured_media":17081,"comment_status":"open","ping_status":"open","sticky":false,"template":"","format":"standard","meta":{"footnotes":""},"categories":[16,4],"tags":[],"class_list":["post-17080","post","type-post","status-publish","format-standard","has-post-thumbnail","hentry","category-comunicamos","category-noticias","xfolkentry"],"_links":{"self":[{"href":"https:\/\/www.ambienteyenergia.gob.ec\/ambiente\/wp-json\/wp\/v2\/posts\/17080","targetHints":{"allow":["GET"]}}],"collection":[{"href":"https:\/\/www.ambienteyenergia.gob.ec\/ambiente\/wp-json\/wp\/v2\/posts"}],"about":[{"href":"https:\/\/www.ambienteyenergia.gob.ec\/ambiente\/wp-json\/wp\/v2\/types\/post"}],"author":[{"embeddable":true,"href":"https:\/\/www.ambienteyenergia.gob.ec\/ambiente\/wp-json\/wp\/v2\/users\/13"}],"replies":[{"embeddable":true,"href":"https:\/\/www.ambienteyenergia.gob.ec\/ambiente\/wp-json\/wp\/v2\/comments?post=17080"}],"version-history":[{"count":0,"href":"https:\/\/www.ambienteyenergia.gob.ec\/ambiente\/wp-json\/wp\/v2\/posts\/17080\/revisions"}],"wp:featuredmedia":[{"embeddable":true,"href":"https:\/\/www.ambienteyenergia.gob.ec\/ambiente\/wp-json\/wp\/v2\/media\/17081"}],"wp:attachment":[{"href":"https:\/\/www.ambienteyenergia.gob.ec\/ambiente\/wp-json\/wp\/v2\/media?parent=17080"}],"wp:term":[{"taxonomy":"category","embeddable":true,"href":"https:\/\/www.ambienteyenergia.gob.ec\/ambiente\/wp-json\/wp\/v2\/categories?post=17080"},{"taxonomy":"post_tag","embeddable":true,"href":"https:\/\/www.ambienteyenergia.gob.ec\/ambiente\/wp-json\/wp\/v2\/tags?post=17080"}],"curies":[{"name":"wp","href":"https:\/\/api.w.org\/{rel}","templated":true}]}}