{"id":17078,"date":"2013-12-03T10:42:07","date_gmt":"2013-12-03T15:42:07","guid":{"rendered":"http:\/\/www.ambiente.gob.ec\/?p=17078"},"modified":"2013-12-03T10:42:07","modified_gmt":"2013-12-03T15:42:07","slug":"10-sacos-de-musgo-fueron-decomisados-en-manabi","status":"publish","type":"post","link":"https:\/\/www.ambienteyenergia.gob.ec\/ambiente\/10-sacos-de-musgo-fueron-decomisados-en-manabi\/","title":{"rendered":"10 sacos de musgo fueron decomisados en Manab\u00ed"},"content":{"rendered":"<p style=\"text-align: justify;\">En el marco de la campa\u00f1a que emprende desde el a\u00f1o 2010, el Ministerio del Ambiente (MAE), con el nombre \u201cNo arranque la piel de los Bosques\u201d, t\u00e9cnicos de la Direcci\u00f3n Provincial del Ambiente de Manab\u00ed realizaron hoy, el decomiso de 10 sacos de musgo en los mercados de Manta. El control se ejecut\u00f3 en coordinaci\u00f3n con la Unidad de Protecci\u00f3n del Medio Ambiente (UPMA).<\/p>\n<p style=\"text-align: justify;\">\u00c1ngelo Traverso, Director Provincial de Manab\u00ed, explic\u00f3 que los controles continuar\u00e1n \u00a0en los mercados de los\u00a0 cantones de la provincia y en varios tramos de las v\u00edas principales, con la finalidad de evitar el comercio ilegal y da\u00f1o que causa la extracci\u00f3n de este recurso.<\/p>\n<p style=\"text-align: justify;\">Ecuador es uno de los\u00a0 pa\u00edses con la m\u00e1s alta biodiversidad en el mundo, por esta raz\u00f3n, el Gobierno Nacional tiene como pol\u00edtica proteger sus ecosistemas y en eso trabaja continuamente el Ministerio del Ambiente, a trav\u00e9s de campa\u00f1as de concienciaci\u00f3n y educaci\u00f3n ambiental, en las que se informa a la ciudadan\u00eda sobre la importancia de conservar los recursos naturales, en este caso el musgo.<\/p>\n<p style=\"text-align: justify;\">En ese sentido, el MAE hace un llamado de atenci\u00f3n a los expendedores de estas especies para que no extraigan ni comercialicen estas plantas, puesto que ayudan a almacenar el agua. \u201cPodr\u00edamos pensar que usar un poco de musgo no tiene mayor impacto en el ecosistema, pero si lo multiplicamos por todas las familias que lo utilizan para sus pesebres, afecta dr\u00e1sticamente\u201d, aseguro Traverso.<\/p>\n<p style=\"text-align: justify;\">El MAE como principal autoridad ambiental continuar\u00e1 con estos operativos de control, por lo que recuerda a la poblaci\u00f3n que no se puede expender productos naturales como musgo, barba y helechos. Si se verifica la tenencia de los mismos, ser\u00e1n decomisados y de persistir la venta de estas especies de flora, se podr\u00e1 recibir sanciones administrativas.<\/p>\n<p style=\"text-align: justify;\">Asimismo, esta Cartera de Estado insta a la ciudadan\u00eda a usar otras alternativas para construir sus pesebres, como aserr\u00edn, arena y material reciclado.<\/p>\n<p style=\"text-align: justify;\">\n","protected":false},"excerpt":{"rendered":"<p class=\"excerpt\">En el marco de la campa\u00f1a que emprende desde el a\u00f1o 2010, el Ministerio del Ambiente (MAE), con el nombre \u201cNo arranque la piel de los Bosques\u201d, t\u00e9cnicos de la Direcci\u00f3n Provincial del Ambiente de Manab\u00ed realizaron hoy, el decomiso de 10 sacos de musgo en los mercados de Manta. El control se ejecut\u00f3 en coordinaci\u00f3n con la Unidad de&hellip; <a href=\"https:\/\/www.ambienteyenergia.gob.ec\/ambiente\/10-sacos-de-musgo-fueron-decomisados-en-manabi\/\">Read more &rarr;<\/a><\/p>\n","protected":false},"author":13,"featured_media":16801,"comment_status":"open","ping_status":"open","sticky":false,"template":"","format":"standard","meta":{"footnotes":""},"categories":[16,4],"tags":[],"class_list":["post-17078","post","type-post","status-publish","format-standard","has-post-thumbnail","hentry","category-comunicamos","category-noticias","xfolkentry"],"_links":{"self":[{"href":"https:\/\/www.ambienteyenergia.gob.ec\/ambiente\/wp-json\/wp\/v2\/posts\/17078","targetHints":{"allow":["GET"]}}],"collection":[{"href":"https:\/\/www.ambienteyenergia.gob.ec\/ambiente\/wp-json\/wp\/v2\/posts"}],"about":[{"href":"https:\/\/www.ambienteyenergia.gob.ec\/ambiente\/wp-json\/wp\/v2\/types\/post"}],"author":[{"embeddable":true,"href":"https:\/\/www.ambienteyenergia.gob.ec\/ambiente\/wp-json\/wp\/v2\/users\/13"}],"replies":[{"embeddable":true,"href":"https:\/\/www.ambienteyenergia.gob.ec\/ambiente\/wp-json\/wp\/v2\/comments?post=17078"}],"version-history":[{"count":0,"href":"https:\/\/www.ambienteyenergia.gob.ec\/ambiente\/wp-json\/wp\/v2\/posts\/17078\/revisions"}],"wp:featuredmedia":[{"embeddable":true,"href":"https:\/\/www.ambienteyenergia.gob.ec\/ambiente\/wp-json\/wp\/v2\/media\/16801"}],"wp:attachment":[{"href":"https:\/\/www.ambienteyenergia.gob.ec\/ambiente\/wp-json\/wp\/v2\/media?parent=17078"}],"wp:term":[{"taxonomy":"category","embeddable":true,"href":"https:\/\/www.ambienteyenergia.gob.ec\/ambiente\/wp-json\/wp\/v2\/categories?post=17078"},{"taxonomy":"post_tag","embeddable":true,"href":"https:\/\/www.ambienteyenergia.gob.ec\/ambiente\/wp-json\/wp\/v2\/tags?post=17078"}],"curies":[{"name":"wp","href":"https:\/\/api.w.org\/{rel}","templated":true}]}}