{"id":17074,"date":"2013-12-02T22:26:58","date_gmt":"2013-12-03T03:26:58","guid":{"rendered":"http:\/\/www.ambiente.gob.ec\/?p=17074"},"modified":"2013-12-03T18:27:47","modified_gmt":"2013-12-03T23:27:47","slug":"ministra-lorena-tapia-entrego-reconocimiento-a-los-gads-con-mejores-practicas-de-gestion-de-residuos-solidos","status":"publish","type":"post","link":"https:\/\/www.ambienteyenergia.gob.ec\/ambiente\/ministra-lorena-tapia-entrego-reconocimiento-a-los-gads-con-mejores-practicas-de-gestion-de-residuos-solidos\/","title":{"rendered":"Ministra, Lorena Tapia, entreg\u00f3 reconocimiento a los GADS con mejores pr\u00e1cticas de gesti\u00f3n de residuos s\u00f3lidos"},"content":{"rendered":"<p style=\"text-align: justify;\">La generaci\u00f3n, recolecci\u00f3n, aprovechamiento y disposici\u00f3n final de los residuos s\u00f3lidos, que se producen los hogares e industrias ecuatorianas, fue hasta hace poco un tema olvidado en las agendas ambientales del pa\u00eds. Hoy, es una prioridad para el Gobierno de la Revoluci\u00f3n\u00a0 Ciudadana, que a trav\u00e9s del Ministerio del Ambiente y su Programa Nacional para la Gesti\u00f3n Integral de Residuos S\u00f3lidos (PNGIDS) ha decidido reconocer el compromiso de los 10 GADs, que est\u00e1n implementado las mejores pr\u00e1cticas en sus jurisdicciones.<\/p>\n<p style=\"text-align: justify;\">En esta lista se encuentran Cuenca (Azuay), Mej\u00eda (Pichincha), Otavalo (Imbabura), Antonio Ante (Imbabura), Ambato (Tungurahua), Yantzaza (Zamora Chinchipe), Chunchi (Chimborazo), Mira (Carchi), Cuyabeno (Sucumb\u00edos), Arajuno (Pastaza) y Quito (Pichincha). Este abanico abarca a GADS de todos los tama\u00f1os. Lo que demuestra que estos municipios han apostado por\u00a0 una labor comprometida con la sostenibilidad y el ambiente.<\/p>\n<p style=\"text-align: justify;\">Una comisi\u00f3n t\u00e9cnica ha evaluado minuciosamente su labor en las cuatro fases clave del proceso de gesti\u00f3n integral de residuos s\u00f3lidos: generaci\u00f3n, recolecci\u00f3n, aprovechamiento y disposici\u00f3n final, en los 221 GADs a escala nacional. Durante el an\u00e1lisis, se tom\u00f3 en cuenta las acciones, que cada uno de los municipios ha puesto en marcha para elevar los \u00edndices de efectividad de su gesti\u00f3n.<\/p>\n<p style=\"text-align: justify;\">Asimismo, destac\u00f3 el trabajo que est\u00e1 realizando el Distrito Metropolitano de Quito, como uno de los GADs categorizados como especiales. \u201cLa voluntad pol\u00edtica demostrada por uno de los municipios m\u00e1s grandes del pa\u00eds, permite que se haya \u00a0fortalecido el proceso de recolecci\u00f3n de los residuos\u00a0 de manera tecnificada, promoviendo la reducci\u00f3n y\u00a0 reutilizaci\u00f3n\u00a0 de los mismos\u201d.<\/p>\n<p style=\"text-align: justify;\">Todos los GADS reconocidos son parte del 20% de municipios a escala nacional, que cuentan con un relleno sanitario manejado adecuadamente, trabajan para potenciar una o varias fases del modelo de gesti\u00f3n de residuos s\u00f3lidos al que aspira el pa\u00eds (ver anexo 1) y han desarrollado pol\u00edticas de educaci\u00f3n ambiental continua. Adem\u00e1s, m\u00e1s del 60% de los desechos que producen son org\u00e1nicos y cuentan con planes de aprovechamiento de los mismos.<\/p>\n<p style=\"text-align: justify;\">El Ministerio del Ambiente, a trav\u00e9s del PNGIDS, promueve y trabaja de la mano con los 221 GADS a escala nacional, para que desarrollen planes y pol\u00edticas, que contribuyan a disminuir la contaminaci\u00f3n ambiental, mejoren la calidad de vida de los ecuatorianos e impulsen la conservaci\u00f3n de los ecosistemas.<\/p>\n<p style=\"text-align: justify;\">Para facilitar el apoyo que demanda cada uno de los GADs, se ha definido categor\u00edas en funci\u00f3n de la cantidad de residuos, que generan (v\u00e9ase cuadro 1). Se los ha dividido en especiales, grandes, medianos, peque\u00f1os y micros.<\/p>\n<p style=\"text-align: justify;\"><strong>CUADRO 1<\/strong><\/p>\n<p style=\"text-align: justify;\"><a href=\"http:\/\/www.ambienteyenergia.gob.ec\/ambiente\/wp-content\/uploads\/2013\/12\/Captura-de-pantalla-2013-12-02-a-las-22.21.26.png\"><img loading=\"lazy\" decoding=\"async\" class=\"aligncenter size-full wp-image-17075\" alt=\"Captura de pantalla 2013-12-02 a la(s) 22.21.26\" src=\"http:\/\/www.ambienteyenergia.gob.ec\/ambiente\/wp-content\/uploads\/2013\/12\/Captura-de-pantalla-2013-12-02-a-las-22.21.26.png\" width=\"398\" height=\"243\" srcset=\"https:\/\/www.ambienteyenergia.gob.ec\/ambiente\/wp-content\/uploads\/sites\/2\/2013\/12\/Captura-de-pantalla-2013-12-02-a-las-22.21.26.png 398w, https:\/\/www.ambienteyenergia.gob.ec\/ambiente\/wp-content\/uploads\/sites\/2\/2013\/12\/Captura-de-pantalla-2013-12-02-a-las-22.21.26-300x183.png 300w\" sizes=\"auto, (max-width: 398px) 100vw, 398px\" \/><\/a>En la ceremonia se reconoci\u00f3 a un GAD especial (Quito), uno grande (Cuenca), uno mediano (Ambato), dos peque\u00f1os (Otavalo y Mej\u00eda) y seis micros (Cuyabeno, Antonio Ante, Mira, Arajuno, Chunchi y Yantzaza.<\/p>\n<p style=\"text-align: justify;\"><strong><span style=\"text-decoration: underline;\">LOS MUNICIPIOS RECONOCIDOS<\/span><\/strong><\/p>\n<p style=\"text-align: justify;\"><strong>Cuenca<\/strong><\/p>\n<p style=\"text-align: justify;\">Se ha convertido en un referente en la gesti\u00f3n integral de residuos s\u00f3lidos. Con una producci\u00f3n de 415,62 toneladas diarias de desechos. Es el tercer municipio con mayor generaci\u00f3n de residuos en el pa\u00eds. Cuenca cuenta con un eficiente sistema de recolecci\u00f3n diferenciada, ordenanzas tipo para la aplicaci\u00f3n de las normativas y pol\u00edticas que impulsan el reciclaje en su territorio y la inclusi\u00f3n social de sus actores.<\/p>\n<p style=\"text-align: justify;\">El relleno sanitario de Pichacay constituye uno de los mejores centros para la disposici\u00f3n final de los desechos s\u00f3lidos del pa\u00eds. Adem\u00e1s, es destacable su labor en la recuperaci\u00f3n y saneamiento del antiguo botadero El Valle, donde hoy se desarrollan proyectos de elaboraci\u00f3n de compostaje con los desechos org\u00e1nicos de los mercados de la zona.<\/p>\n<p style=\"text-align: justify;\">Sus procesos est\u00e1n certificados bajo las normas ISO 14002 de Gesti\u00f3n Ambiental, ISO 9001 de Calidad y norma OHSAS 18001, en seguridad y salud ocupacional.<\/p>\n<p style=\"text-align: justify;\"><strong>Mej\u00eda<\/strong><\/p>\n<p style=\"text-align: justify;\">Produce un promedio de 55,80 toneladas diarias de desechos. Para su procesamiento cuenta con un sistema integral diferenciado en el manejo de residuos org\u00e1nicos, inorg\u00e1nicos y peligrosos. Este incluye: un centro de reciclaje, planta de compostaje, relleno sanitario y una planta de lixiviados. Este manejo integral de los residuos s\u00f3lidos, le ha colocado en este grupo de GADs reconocidos.<\/p>\n<p style=\"text-align: justify;\"><strong>Otavalo<\/strong><\/p>\n<p style=\"text-align: justify;\">Ha trabajado en la consolidaci\u00f3n de procesos de separaci\u00f3n en la fuente con la ejecuci\u00f3n de campa\u00f1as de educaci\u00f3n ambiental, ampliaci\u00f3n de cobertura de recolecci\u00f3n en \u00e1reas rurales, adecuaci\u00f3n de la planta de reciclaje, venta de abono, pl\u00e1stico, papel y cart\u00f3n. As\u00ed, este GAD procesa las 52,56 toneladas al d\u00eda de desechos generadas.<\/p>\n<p style=\"text-align: justify;\"><strong>Antonio Ante<\/strong><\/p>\n<p style=\"text-align: justify;\">A trav\u00e9s de la ordenanza municipal\u00a0 Control y Calidad Ambiental monitorea las actividades de gesti\u00f3n ambiental y el correcto manejo de residuos s\u00f3lidos. El 100% de sus zonas urbanas y rurales cuenta con el servicio de recolecci\u00f3n diferenciada entre org\u00e1nico e inorg\u00e1nico. Este modelo integral de gesti\u00f3n facilita el procesamiento de sus residuos s\u00f3lidos. Este modelo integral de gesti\u00f3n facilita el procesamiento las 30,74 toneladas al d\u00eda de desechos que se producen.<\/p>\n<p style=\"text-align: justify;\"><strong>Ambato <\/strong><\/p>\n<p style=\"text-align: justify;\">Cuenta con un sistema de contenerizaci\u00f3n en la zona urbana. Realiza una recolecci\u00f3n diferenciada de desechos hospitalarios y tiene un relleno sanitario para todas las unidades complementarias. Ha implementado un proyecto piloto de recuperaci\u00f3n de biogas para la generaci\u00f3n de energ\u00eda el\u00e9ctrica. Adem\u00e1s, se est\u00e1 trabajando para implementar una planta procesadora de desechos s\u00f3lidos. De este modo, ser\u00e1 m\u00e1s eficiente el procesamiento de de las 233,14 toneladas al d\u00eda de desechos que produce.<\/p>\n<p style=\"text-align: justify;\"><strong>Yanzatza <\/strong><\/p>\n<p style=\"text-align: justify;\">Ha consolidado su trabajo de separaci\u00f3n en la fuente, barrido y limpieza y gesti\u00f3n de adecuada de residuos peligrosos. Adem\u00e1s, lleva adelante procesos de reciclaje de org\u00e1nico para la producci\u00f3n de abonos. As\u00ed gestiona con \u00e9xito las 13,93 toneladas al d\u00eda de desechos que produce.<\/p>\n<p style=\"text-align: justify;\"><strong>Chunchi <\/strong><\/p>\n<p style=\"text-align: justify;\">Es reconocida por su labor en el manejo t\u00e9cnico de cada una de las fases de la gesti\u00f3n integral de residuos s\u00f3lidos, desde la generaci\u00f3n hasta la disposici\u00f3n final, y el eficiente aprovechamiento de materia org\u00e1nica para la generaci\u00f3n de compost. Su poblaci\u00f3n participa en campa\u00f1as sobre la separaci\u00f3n en la fuente. As\u00ed se aprovechan de la mejor manera las 6,86 toneladas al d\u00eda de desechos, que aqu\u00ed se producen.<\/p>\n<p style=\"text-align: justify;\"><strong>Mira <\/strong><\/p>\n<p style=\"text-align: justify;\">Tiene un sistema de clasificaci\u00f3n en la fuente. Posee un programa de recolecci\u00f3n de residuos s\u00f3lidos urbanos y hospitalarios. Actualmente, est\u00e1n trabajando en una ordenanza municipal que les permita mejorar sus \u00edndices de gesti\u00f3n en el manejo de desechos hospitalarios y peligrosos. Y su poblaci\u00f3n existe a predisposici\u00f3n a efectuar la clasificaci\u00f3n en la fuente. As\u00ed gestionan de mejor manera sus 5,95 toneladas al d\u00eda de desechos.<\/p>\n<p style=\"text-align: justify;\"><strong>Cuyabeno <\/strong><\/p>\n<p style=\"text-align: justify;\">Mantiene un sistema integral que va desde la separaci\u00f3n en la fuente, recolecci\u00f3n diferenciada, reciclaje, compostaje hasta el relleno sanitario. El cierre t\u00e9cnico de su antiguo botadero es uno de los hitos de su gesti\u00f3n. El cierre t\u00e9cnico de su antiguo botadero es un hito en su gesti\u00f3n de las 3,78 toneladas al d\u00eda de desechos. Adem\u00e1s, respaldan la formaci\u00f3n de una micro-empresa de recicladores.<\/p>\n<p style=\"text-align: justify;\"><strong>Arajuno<\/strong><\/p>\n<p style=\"text-align: justify;\">Ha ampliado\u00a0 la cobertura para la separaci\u00f3n de residuos en la fuente, en toda la zona urbana. Se gestiona la comercializaci\u00f3n de desechos inorg\u00e1nicos como cart\u00f3n, pl\u00e1stico y chatarra. Ha implementado un sistema de aprovechamiento y comercializaci\u00f3n de desechos recuperados, que facilita la gesti\u00f3n de las 3,01 toneladas al d\u00eda de desechos que all\u00ed se producen.<\/p>\n<p><strong>Quito<\/strong><\/p>\n<p style=\"text-align: justify;\">Trabaja para mejorar su servicio de recolecci\u00f3n, a trav\u00e9s del sistema de contenerizaci\u00f3n sectorizada en el norte, centro y sur de la ciudad. Adem\u00e1s, interviene en procesos de recuperaci\u00f3n de residuos, que vinculan directamente a 70 recicladores, llamados anteriormente minadores en el sistema de recolecci\u00f3n, agregaci\u00f3n de valor y comercializaci\u00f3n a precios justos del material recuperado. As\u00ed tambi\u00e9n ha intervenido con m\u00e1s de 500 que reciben capacitaci\u00f3n y formaci\u00f3n. Todo ello como parte de la visi\u00f3n integral de la gesti\u00f3n de las 1 900 toneladas diarias de residuos, que genera el Distrito Metropolitano de Quito.<\/p>\n<p>&nbsp;<\/p>\n<p>&nbsp;<\/p>\n<p>&nbsp;<\/p>\n","protected":false},"excerpt":{"rendered":"<p class=\"excerpt\">La generaci\u00f3n, recolecci\u00f3n, aprovechamiento y disposici\u00f3n final de los residuos s\u00f3lidos, que se producen los hogares e industrias ecuatorianas, fue hasta hace poco un tema olvidado en las agendas ambientales del pa\u00eds. Hoy, es una prioridad para el Gobierno de la Revoluci\u00f3n\u00a0 Ciudadana, que a trav\u00e9s del Ministerio del Ambiente y su Programa Nacional para la Gesti\u00f3n Integral de Residuos&hellip; <a href=\"https:\/\/www.ambienteyenergia.gob.ec\/ambiente\/ministra-lorena-tapia-entrego-reconocimiento-a-los-gads-con-mejores-practicas-de-gestion-de-residuos-solidos\/\">Read more &rarr;<\/a><\/p>\n","protected":false},"author":13,"featured_media":17076,"comment_status":"open","ping_status":"open","sticky":false,"template":"","format":"standard","meta":{"footnotes":""},"categories":[16,4],"tags":[],"class_list":["post-17074","post","type-post","status-publish","format-standard","has-post-thumbnail","hentry","category-comunicamos","category-noticias","xfolkentry"],"_links":{"self":[{"href":"https:\/\/www.ambienteyenergia.gob.ec\/ambiente\/wp-json\/wp\/v2\/posts\/17074","targetHints":{"allow":["GET"]}}],"collection":[{"href":"https:\/\/www.ambienteyenergia.gob.ec\/ambiente\/wp-json\/wp\/v2\/posts"}],"about":[{"href":"https:\/\/www.ambienteyenergia.gob.ec\/ambiente\/wp-json\/wp\/v2\/types\/post"}],"author":[{"embeddable":true,"href":"https:\/\/www.ambienteyenergia.gob.ec\/ambiente\/wp-json\/wp\/v2\/users\/13"}],"replies":[{"embeddable":true,"href":"https:\/\/www.ambienteyenergia.gob.ec\/ambiente\/wp-json\/wp\/v2\/comments?post=17074"}],"version-history":[{"count":0,"href":"https:\/\/www.ambienteyenergia.gob.ec\/ambiente\/wp-json\/wp\/v2\/posts\/17074\/revisions"}],"wp:featuredmedia":[{"embeddable":true,"href":"https:\/\/www.ambienteyenergia.gob.ec\/ambiente\/wp-json\/wp\/v2\/media\/17076"}],"wp:attachment":[{"href":"https:\/\/www.ambienteyenergia.gob.ec\/ambiente\/wp-json\/wp\/v2\/media?parent=17074"}],"wp:term":[{"taxonomy":"category","embeddable":true,"href":"https:\/\/www.ambienteyenergia.gob.ec\/ambiente\/wp-json\/wp\/v2\/categories?post=17074"},{"taxonomy":"post_tag","embeddable":true,"href":"https:\/\/www.ambienteyenergia.gob.ec\/ambiente\/wp-json\/wp\/v2\/tags?post=17074"}],"curies":[{"name":"wp","href":"https:\/\/api.w.org\/{rel}","templated":true}]}}