{"id":17071,"date":"2013-12-02T16:10:00","date_gmt":"2013-12-02T21:10:00","guid":{"rendered":"http:\/\/www.ambiente.gob.ec\/?p=17071"},"modified":"2013-12-02T16:10:00","modified_gmt":"2013-12-02T21:10:00","slug":"mae-conmemoro-el-dia-mundial-del-no-uso-de-plaguicidas-en-zamora-chinchipe","status":"publish","type":"post","link":"https:\/\/www.ambienteyenergia.gob.ec\/ambiente\/mae-conmemoro-el-dia-mundial-del-no-uso-de-plaguicidas-en-zamora-chinchipe\/","title":{"rendered":"MAE conmemor\u00f3 el D\u00eda Mundial del No Uso de Plaguicidas en Zamora Chinchipe"},"content":{"rendered":"<p style=\"text-align: justify;\">El Ministerio del Ambiente (MAE), a trav\u00e9s de la Direcci\u00f3n Provincial de Zamora Chinchipe, en conmemoraci\u00f3n al D\u00eda Mundial del No Uso de Plaguicidas que se celebra cada 3 de diciembre, present\u00f3 videos sobre la Gesti\u00f3n Integral parar el Manejo Responsable de Agroqu\u00edmicos en la escuela \u201cDoce de Octubre\u201d, el pasado 28 de noviembre.<\/p>\n<p style=\"text-align: justify;\">\n<p style=\"text-align: justify;\">El taller estuvo dirigido a estudiantes, padres de familia y profesores de la instituci\u00f3n educativa, ubicada en el sector de Pituca. El objetivo principal de estos talleres es disminuir el consumo de pesticidas y agroqu\u00edmicos, a trav\u00e9s de la socializaci\u00f3n de la importancia que tiene el \u00a0manejo responsable de estas sustancias qu\u00edmicas.<\/p>\n<p style=\"text-align: justify;\">Como parte de esta capacitaci\u00f3n, se ejecut\u00f3 fue la siembra de culantro, r\u00e1bano, perejil, col, lechuga, tomate, acelga y nabo, en un huerto ecol\u00f3gico, ejemplificando a la comunidad la manera en la que se debe cultivar la\u00a0 tierra evitando usar pesticidas y agroqu\u00edmicos.<\/p>\n<p style=\"text-align: justify;\">Asimismo, como parte de esta iniciativa de educaci\u00f3n ambiental, se obsequiaron folletos \u201cPintando un futuro seguro\u201d y crayones a los ni\u00f1os; y camisetas a los padres de familia, como incentivos para promover la conservaci\u00f3n de la naturaleza, a partir de un manejo seguro de agroqu\u00edmicos.<\/p>\n<p style=\"text-align: justify;\">\n","protected":false},"excerpt":{"rendered":"<p class=\"excerpt\">El Ministerio del Ambiente (MAE), a trav\u00e9s de la Direcci\u00f3n Provincial de Zamora Chinchipe, en conmemoraci\u00f3n al D\u00eda Mundial del No Uso de Plaguicidas que se celebra cada 3 de diciembre, present\u00f3 videos sobre la Gesti\u00f3n Integral parar el Manejo Responsable de Agroqu\u00edmicos en la escuela \u201cDoce de Octubre\u201d, el pasado 28 de noviembre. El taller estuvo dirigido a estudiantes,&hellip; <a href=\"https:\/\/www.ambienteyenergia.gob.ec\/ambiente\/mae-conmemoro-el-dia-mundial-del-no-uso-de-plaguicidas-en-zamora-chinchipe\/\">Read more &rarr;<\/a><\/p>\n","protected":false},"author":13,"featured_media":17072,"comment_status":"open","ping_status":"open","sticky":false,"template":"","format":"standard","meta":{"footnotes":""},"categories":[16,4],"tags":[],"class_list":["post-17071","post","type-post","status-publish","format-standard","has-post-thumbnail","hentry","category-comunicamos","category-noticias","xfolkentry"],"_links":{"self":[{"href":"https:\/\/www.ambienteyenergia.gob.ec\/ambiente\/wp-json\/wp\/v2\/posts\/17071","targetHints":{"allow":["GET"]}}],"collection":[{"href":"https:\/\/www.ambienteyenergia.gob.ec\/ambiente\/wp-json\/wp\/v2\/posts"}],"about":[{"href":"https:\/\/www.ambienteyenergia.gob.ec\/ambiente\/wp-json\/wp\/v2\/types\/post"}],"author":[{"embeddable":true,"href":"https:\/\/www.ambienteyenergia.gob.ec\/ambiente\/wp-json\/wp\/v2\/users\/13"}],"replies":[{"embeddable":true,"href":"https:\/\/www.ambienteyenergia.gob.ec\/ambiente\/wp-json\/wp\/v2\/comments?post=17071"}],"version-history":[{"count":0,"href":"https:\/\/www.ambienteyenergia.gob.ec\/ambiente\/wp-json\/wp\/v2\/posts\/17071\/revisions"}],"wp:featuredmedia":[{"embeddable":true,"href":"https:\/\/www.ambienteyenergia.gob.ec\/ambiente\/wp-json\/wp\/v2\/media\/17072"}],"wp:attachment":[{"href":"https:\/\/www.ambienteyenergia.gob.ec\/ambiente\/wp-json\/wp\/v2\/media?parent=17071"}],"wp:term":[{"taxonomy":"category","embeddable":true,"href":"https:\/\/www.ambienteyenergia.gob.ec\/ambiente\/wp-json\/wp\/v2\/categories?post=17071"},{"taxonomy":"post_tag","embeddable":true,"href":"https:\/\/www.ambienteyenergia.gob.ec\/ambiente\/wp-json\/wp\/v2\/tags?post=17071"}],"curies":[{"name":"wp","href":"https:\/\/api.w.org\/{rel}","templated":true}]}}