{"id":17064,"date":"2013-12-02T08:31:41","date_gmt":"2013-12-02T13:31:41","guid":{"rendered":"http:\/\/www.ambiente.gob.ec\/?p=17064"},"modified":"2013-12-02T08:31:41","modified_gmt":"2013-12-02T13:31:41","slug":"segunda-edicion-del-concurso-nacional-intercolegial-sobre-basura-marina","status":"publish","type":"post","link":"https:\/\/www.ambienteyenergia.gob.ec\/ambiente\/segunda-edicion-del-concurso-nacional-intercolegial-sobre-basura-marina\/","title":{"rendered":"Segunda edici\u00f3n del Concurso Nacional Intercolegial sobre Basura Marina"},"content":{"rendered":"<p style=\"text-align: justify;\">El Ministerio del Ambiente del Ecuador (MAE), en coordinaci\u00f3n con la Secretar\u00eda T\u00e9cnica del Mar, la Direcci\u00f3n General de Intereses Mar\u00edtimos, y los Ministerios de Educaci\u00f3n y de Agricultura, Ganader\u00eda, Acuacultura y Pesca; realiz\u00f3 la II edici\u00f3n del Concurso Intercolegial sobre Prevenci\u00f3n, Reciclaje, Reutilizaci\u00f3n y Disposici\u00f3n de Basura Marina.<\/p>\n<p style=\"text-align: justify;\">Esta actividad se realiz\u00f3 con el objetivo de crear conciencia en los estudiantes de las unidades educativas sobre la problem\u00e1tica de la basura marina y los mecanismos de reutilizaci\u00f3n de la misma, buscando soluciones pr\u00e1cticas y amigables con el ambiente.<\/p>\n<p style=\"text-align: justify;\">En el evento se desarroll\u00f3 el pasado 27 de noviembre, en el edificio del Gobierno Zonal en Guayaquil, en el que participaron cinco unidades educativas fiscales, privadas, municipales y fiscomisionales. El ganador fue el colegio Americano.<\/p>\n<p style=\"text-align: justify;\">Este concurso se replicar\u00e1 en diciembre en las provincias de Esmeraldas, Manab\u00ed, Santa Elena, El Oro y Gal\u00e1pagos.<\/p>\n","protected":false},"excerpt":{"rendered":"<p class=\"excerpt\">El Ministerio del Ambiente del Ecuador (MAE), en coordinaci\u00f3n con la Secretar\u00eda T\u00e9cnica del Mar, la Direcci\u00f3n General de Intereses Mar\u00edtimos, y los Ministerios de Educaci\u00f3n y de Agricultura, Ganader\u00eda, Acuacultura y Pesca; realiz\u00f3 la II edici\u00f3n del Concurso Intercolegial sobre Prevenci\u00f3n, Reciclaje, Reutilizaci\u00f3n y Disposici\u00f3n de Basura Marina. Esta actividad se realiz\u00f3 con el objetivo de crear conciencia en&hellip; <a href=\"https:\/\/www.ambienteyenergia.gob.ec\/ambiente\/segunda-edicion-del-concurso-nacional-intercolegial-sobre-basura-marina\/\">Read more &rarr;<\/a><\/p>\n","protected":false},"author":13,"featured_media":17065,"comment_status":"open","ping_status":"open","sticky":false,"template":"","format":"standard","meta":{"footnotes":""},"categories":[16,4],"tags":[],"class_list":["post-17064","post","type-post","status-publish","format-standard","has-post-thumbnail","hentry","category-comunicamos","category-noticias","xfolkentry"],"_links":{"self":[{"href":"https:\/\/www.ambienteyenergia.gob.ec\/ambiente\/wp-json\/wp\/v2\/posts\/17064","targetHints":{"allow":["GET"]}}],"collection":[{"href":"https:\/\/www.ambienteyenergia.gob.ec\/ambiente\/wp-json\/wp\/v2\/posts"}],"about":[{"href":"https:\/\/www.ambienteyenergia.gob.ec\/ambiente\/wp-json\/wp\/v2\/types\/post"}],"author":[{"embeddable":true,"href":"https:\/\/www.ambienteyenergia.gob.ec\/ambiente\/wp-json\/wp\/v2\/users\/13"}],"replies":[{"embeddable":true,"href":"https:\/\/www.ambienteyenergia.gob.ec\/ambiente\/wp-json\/wp\/v2\/comments?post=17064"}],"version-history":[{"count":0,"href":"https:\/\/www.ambienteyenergia.gob.ec\/ambiente\/wp-json\/wp\/v2\/posts\/17064\/revisions"}],"wp:featuredmedia":[{"embeddable":true,"href":"https:\/\/www.ambienteyenergia.gob.ec\/ambiente\/wp-json\/wp\/v2\/media\/17065"}],"wp:attachment":[{"href":"https:\/\/www.ambienteyenergia.gob.ec\/ambiente\/wp-json\/wp\/v2\/media?parent=17064"}],"wp:term":[{"taxonomy":"category","embeddable":true,"href":"https:\/\/www.ambienteyenergia.gob.ec\/ambiente\/wp-json\/wp\/v2\/categories?post=17064"},{"taxonomy":"post_tag","embeddable":true,"href":"https:\/\/www.ambienteyenergia.gob.ec\/ambiente\/wp-json\/wp\/v2\/tags?post=17064"}],"curies":[{"name":"wp","href":"https:\/\/api.w.org\/{rel}","templated":true}]}}