{"id":17056,"date":"2013-12-01T15:59:29","date_gmt":"2013-12-01T20:59:29","guid":{"rendered":"http:\/\/www.ambiente.gob.ec\/?p=17056"},"modified":"2013-12-02T08:01:58","modified_gmt":"2013-12-02T13:01:58","slug":"la-ministra-de-ambiente-mantuvo-un-dialogo-abierto-con-la-comunidad-de-el-oro","status":"publish","type":"post","link":"https:\/\/www.ambienteyenergia.gob.ec\/ambiente\/la-ministra-de-ambiente-mantuvo-un-dialogo-abierto-con-la-comunidad-de-el-oro\/","title":{"rendered":"La Ministra de Ambiente mantuvo un di\u00e1logo abierto con la comunidad de El Oro"},"content":{"rendered":"<p style=\"text-align: justify;\">La Ministra de Ambiente, Lorena Tapia, estuvo presente en diferentes actividades que se desarrollaron en el transcurso del \u00a0Enlace Ciudadano N\u00b0 350, desde Arenillas, provincia de El Oro, este 30 de noviembre del 2013.<\/p>\n<p style=\"text-align: justify;\">Tapia, acompa\u00f1ada de representantes de las diferentes instancias que conforman el Ministerio Coordinador de Sectores Estrat\u00e9gicos como el Ministerio de Recursos Naturales no Renovables, el Ministerio de Electricidad y\u00a0 Energ\u00edas no Renovables, Secretaria del Agua, entre otras,\u00a0\u00a0 respondi\u00f3 inquietudes y peticiones de diferentes representantes de la sociedad civil y la comunidad en la Mesa de Trabajo \u00a0Sectorial, desarrollada en el Colegio T\u00e9cnico Arenillas.<\/p>\n<p style=\"text-align: justify;\">Ramiro Valdivieso, Alcalde de Zapotillo y Presidente de la Mancomunidad de Bosque Seco conformada por 5 municipios del sur occidente de Loja, en este espacio agradeci\u00f3 p\u00fablicamente a la M\u00e1xima Autoridad Ambiental por su gesti\u00f3n a trav\u00e9s del MAE y haber aprobado USD 200000 cantidad que ser\u00e1 utilizada para realizar el cierre t\u00e9cnico de cinco rellenos y un estudio donde se haga un solo relleno para los cinco municipios.<\/p>\n<p style=\"text-align: justify;\">Asimismo, una representante de la Asociaci\u00f3n de Mujeres Artesanas de Estero Porte\u00f1o, relat\u00f3 a la Ministra la importancia y la situaci\u00f3n actual del estero, \u201csomos un grupo de mujeres que estamos trabajando arduamente por la defensa de un estero que antes ten\u00eda 7km y que hoy lamentablemente por la alta contaminaci\u00f3n estamos solo\u00a0 con 4km. En ese estero las mujeres cholitas de Puerto Bol\u00edvar nos hemos ba\u00f1ado, ese estero es como nuestra piscina ancestral en donde todos nuestros antepasados se ba\u00f1aron y nosotras queremos heredar a nuestros nietos y a nuestros hijos\u201d.<\/p>\n<p style=\"text-align: justify;\">La Ministra respecto a este tema fue enf\u00e1tica en las acciones que el MAE est\u00e1 ejecutando para buscar una soluci\u00f3n a la contaminaci\u00f3n de los r\u00edos, mencion\u00f3 que \u201cse est\u00e1 realizando un mapeo nacional de todos los r\u00edos que est\u00e1n contaminados, nuestro objetivo es hacer un plan integral y poder responder y gestionar una estrategia que tenga un impacto a nivel nacional\u201d.<\/p>\n<p style=\"text-align: justify;\"><strong>El dato<\/strong><\/p>\n<p style=\"text-align: justify;\">Tapia, adem\u00e1s visit\u00f3 la Reserva Ecol\u00f3gica de Arenillas, d\u00f3nde comparti\u00f3 las experiencias de los Guarda Parques que trabajan en este sector y mencion\u00f3 que se buscar\u00e1 la manera de promover tur\u00edsticamente esta reserva que cuenta con un \u00e1rea protegida de 17.083 hect\u00e1reas bosque seco.<\/p>\n<div id='gallery-1' class='gallery galleryid-17056 gallery-columns-3 gallery-size-thumbnail'><dl class='gallery-item'>\n\t\t\t<dt class='gallery-icon landscape'>\n\t\t\t\t<a href='https:\/\/www.ambienteyenergia.gob.ec\/ambiente\/la-ministra-de-ambiente-mantuvo-un-dialogo-abierto-con-la-comunidad-de-el-oro\/p1140127\/'><img loading=\"lazy\" decoding=\"async\" width=\"150\" height=\"150\" src=\"https:\/\/www.ambienteyenergia.gob.ec\/ambiente\/wp-content\/uploads\/sites\/2\/2013\/12\/P1140127-150x150.jpg\" class=\"attachment-thumbnail size-thumbnail\" alt=\"\" \/><\/a>\n\t\t\t<\/dt><\/dl><dl class='gallery-item'>\n\t\t\t<dt class='gallery-icon landscape'>\n\t\t\t\t<a href='https:\/\/www.ambienteyenergia.gob.ec\/ambiente\/la-ministra-de-ambiente-mantuvo-un-dialogo-abierto-con-la-comunidad-de-el-oro\/p1140200\/'><img loading=\"lazy\" decoding=\"async\" width=\"150\" height=\"150\" src=\"https:\/\/www.ambienteyenergia.gob.ec\/ambiente\/wp-content\/uploads\/sites\/2\/2013\/12\/P1140200-150x150.jpg\" class=\"attachment-thumbnail size-thumbnail\" alt=\"\" \/><\/a>\n\t\t\t<\/dt><\/dl><dl class='gallery-item'>\n\t\t\t<dt class='gallery-icon landscape'>\n\t\t\t\t<a href='https:\/\/www.ambienteyenergia.gob.ec\/ambiente\/la-ministra-de-ambiente-mantuvo-un-dialogo-abierto-con-la-comunidad-de-el-oro\/p1140207\/'><img loading=\"lazy\" decoding=\"async\" width=\"150\" height=\"150\" src=\"https:\/\/www.ambienteyenergia.gob.ec\/ambiente\/wp-content\/uploads\/sites\/2\/2013\/12\/P1140207-150x150.jpg\" class=\"attachment-thumbnail size-thumbnail\" alt=\"\" \/><\/a>\n\t\t\t<\/dt><\/dl><br style=\"clear: both\" \/>\n\t\t<\/div>\n\n","protected":false},"excerpt":{"rendered":"<p class=\"excerpt\">La Ministra de Ambiente, Lorena Tapia, estuvo presente en diferentes actividades que se desarrollaron en el transcurso del \u00a0Enlace Ciudadano N\u00b0 350, desde Arenillas, provincia de El Oro, este 30 de noviembre del 2013. Tapia, acompa\u00f1ada de representantes de las diferentes instancias que conforman el Ministerio Coordinador de Sectores Estrat\u00e9gicos como el Ministerio de Recursos Naturales no Renovables, el Ministerio&hellip; <a href=\"https:\/\/www.ambienteyenergia.gob.ec\/ambiente\/la-ministra-de-ambiente-mantuvo-un-dialogo-abierto-con-la-comunidad-de-el-oro\/\">Read more &rarr;<\/a><\/p>\n","protected":false},"author":13,"featured_media":17057,"comment_status":"open","ping_status":"open","sticky":false,"template":"","format":"standard","meta":{"footnotes":""},"categories":[16,4],"tags":[],"class_list":["post-17056","post","type-post","status-publish","format-standard","has-post-thumbnail","hentry","category-comunicamos","category-noticias","xfolkentry"],"_links":{"self":[{"href":"https:\/\/www.ambienteyenergia.gob.ec\/ambiente\/wp-json\/wp\/v2\/posts\/17056","targetHints":{"allow":["GET"]}}],"collection":[{"href":"https:\/\/www.ambienteyenergia.gob.ec\/ambiente\/wp-json\/wp\/v2\/posts"}],"about":[{"href":"https:\/\/www.ambienteyenergia.gob.ec\/ambiente\/wp-json\/wp\/v2\/types\/post"}],"author":[{"embeddable":true,"href":"https:\/\/www.ambienteyenergia.gob.ec\/ambiente\/wp-json\/wp\/v2\/users\/13"}],"replies":[{"embeddable":true,"href":"https:\/\/www.ambienteyenergia.gob.ec\/ambiente\/wp-json\/wp\/v2\/comments?post=17056"}],"version-history":[{"count":0,"href":"https:\/\/www.ambienteyenergia.gob.ec\/ambiente\/wp-json\/wp\/v2\/posts\/17056\/revisions"}],"wp:featuredmedia":[{"embeddable":true,"href":"https:\/\/www.ambienteyenergia.gob.ec\/ambiente\/wp-json\/wp\/v2\/media\/17057"}],"wp:attachment":[{"href":"https:\/\/www.ambienteyenergia.gob.ec\/ambiente\/wp-json\/wp\/v2\/media?parent=17056"}],"wp:term":[{"taxonomy":"category","embeddable":true,"href":"https:\/\/www.ambienteyenergia.gob.ec\/ambiente\/wp-json\/wp\/v2\/categories?post=17056"},{"taxonomy":"post_tag","embeddable":true,"href":"https:\/\/www.ambienteyenergia.gob.ec\/ambiente\/wp-json\/wp\/v2\/tags?post=17056"}],"curies":[{"name":"wp","href":"https:\/\/api.w.org\/{rel}","templated":true}]}}