{"id":17048,"date":"2013-11-29T15:34:07","date_gmt":"2013-11-29T20:34:07","guid":{"rendered":"http:\/\/www.ambiente.gob.ec\/?p=17048"},"modified":"2013-11-29T16:11:56","modified_gmt":"2013-11-29T21:11:56","slug":"mae-investiga-nuevo-incendio-en-basurero-de-esmeraldas","status":"publish","type":"post","link":"https:\/\/www.ambienteyenergia.gob.ec\/ambiente\/mae-investiga-nuevo-incendio-en-basurero-de-esmeraldas\/","title":{"rendered":"MAE investiga nuevo incendio en botadero de Esmeraldas"},"content":{"rendered":"<p style=\"text-align: justify;\">El Ministerio del Ambiente (MAE), a trav\u00e9s de la Direcci\u00f3n Provincial de Esmeraldas, inspeccion\u00f3 las causas de un nuevo incendio registrado esta madrugada en el botadero municipal \u201cEl Jard\u00edn\u201d.<\/p>\n<p style=\"text-align: justify;\">Las llamas consumieron el dep\u00f3sito de neum\u00e1ticos usados y cinco automotores en reparaci\u00f3n del Municipio de Esmeraldas. \u00a0La emergencia fue reportada pasada la 01:00, por el guardia de turno.<\/p>\n<p style=\"text-align: justify;\">\u201cLas llamas se propagaron con rapidez por el dep\u00f3sito en el cual estaban alrededor de unas 500 llantas y alcanzaron a los veh\u00edculos parqueados en el patio del taller mec\u00e1nico\u201d, manifest\u00f3 Luis S\u00e1nchez, Director de Higiene Municipal.<\/p>\n<p style=\"text-align: justify;\">El incendio fue controlado al amanecer por los bomberos de la provincia y esta ma\u00f1ana se abri\u00f3 una trocha corta fuego para evitar se contamine otro dep\u00f3sito cercano de neum\u00e1ticos. Con maquinaria municipal y del Ministerio de Transporte y Obras P\u00fablicas (MTOP) se rellena la zona afectada.<\/p>\n<p style=\"text-align: justify;\">El lunes anterior se produjo un incendio de similares caracter\u00edsticas que afect\u00f3 aproximadamente una hect\u00e1rea, seg\u00fan el reporte preliminar de los t\u00e9cnicos del MAE. \u201cEsta Secretar\u00eda de Estado demand\u00f3 al Cabildo el cumplimiento del plan de contingencia para esta emergencia\u201d, asegur\u00f3 Narcisa C\u00e1rdenas, Directora Provincial del Ambiente de Esmeraldas.<\/p>\n<p style=\"text-align: justify;\">Cercano al botadero residen tres familias que recibieron el mayor impacto del humo t\u00f3xico. \u201cPedimos a las autoridades el cierre definitivo o el mejoramiento de este relleno sanitario\u201d, expres\u00f3 Victoria Cabeza, moradora del sector.<\/p>\n<p style=\"text-align: justify;\">A\u00fan no se determinan las causas que provocaron el incidente, pero las investigaciones continuar\u00e1n hasta encontrar al responsable, en el caso de que haya sido provocado.<\/p>\n<p style=\"text-align: justify;\"><a href=\"http:\/\/www.ambienteyenergia.gob.ec\/ambiente\/wp-content\/uploads\/2013\/11\/DSC_3586.jpg\"><img loading=\"lazy\" decoding=\"async\" class=\"aligncenter size-full wp-image-17050\" alt=\"DSC_3586\" src=\"http:\/\/www.ambienteyenergia.gob.ec\/ambiente\/wp-content\/uploads\/2013\/11\/DSC_3586.jpg\" width=\"650\" height=\"436\" srcset=\"https:\/\/www.ambienteyenergia.gob.ec\/ambiente\/wp-content\/uploads\/sites\/2\/2013\/11\/DSC_3586.jpg 650w, https:\/\/www.ambienteyenergia.gob.ec\/ambiente\/wp-content\/uploads\/sites\/2\/2013\/11\/DSC_3586-300x201.jpg 300w, https:\/\/www.ambienteyenergia.gob.ec\/ambiente\/wp-content\/uploads\/sites\/2\/2013\/11\/DSC_3586-447x300.jpg 447w\" sizes=\"auto, (max-width: 650px) 100vw, 650px\" \/><\/a><\/p>\n","protected":false},"excerpt":{"rendered":"<p class=\"excerpt\">El Ministerio del Ambiente (MAE), a trav\u00e9s de la Direcci\u00f3n Provincial de Esmeraldas, inspeccion\u00f3 las causas de un nuevo incendio registrado esta madrugada en el botadero municipal \u201cEl Jard\u00edn\u201d. Las llamas consumieron el dep\u00f3sito de neum\u00e1ticos usados y cinco automotores en reparaci\u00f3n del Municipio de Esmeraldas. \u00a0La emergencia fue reportada pasada la 01:00, por el guardia de turno. \u201cLas llamas&hellip; <a href=\"https:\/\/www.ambienteyenergia.gob.ec\/ambiente\/mae-investiga-nuevo-incendio-en-basurero-de-esmeraldas\/\">Read more &rarr;<\/a><\/p>\n","protected":false},"author":13,"featured_media":17049,"comment_status":"open","ping_status":"open","sticky":false,"template":"","format":"standard","meta":{"footnotes":""},"categories":[16,4],"tags":[],"class_list":["post-17048","post","type-post","status-publish","format-standard","has-post-thumbnail","hentry","category-comunicamos","category-noticias","xfolkentry"],"_links":{"self":[{"href":"https:\/\/www.ambienteyenergia.gob.ec\/ambiente\/wp-json\/wp\/v2\/posts\/17048","targetHints":{"allow":["GET"]}}],"collection":[{"href":"https:\/\/www.ambienteyenergia.gob.ec\/ambiente\/wp-json\/wp\/v2\/posts"}],"about":[{"href":"https:\/\/www.ambienteyenergia.gob.ec\/ambiente\/wp-json\/wp\/v2\/types\/post"}],"author":[{"embeddable":true,"href":"https:\/\/www.ambienteyenergia.gob.ec\/ambiente\/wp-json\/wp\/v2\/users\/13"}],"replies":[{"embeddable":true,"href":"https:\/\/www.ambienteyenergia.gob.ec\/ambiente\/wp-json\/wp\/v2\/comments?post=17048"}],"version-history":[{"count":0,"href":"https:\/\/www.ambienteyenergia.gob.ec\/ambiente\/wp-json\/wp\/v2\/posts\/17048\/revisions"}],"wp:featuredmedia":[{"embeddable":true,"href":"https:\/\/www.ambienteyenergia.gob.ec\/ambiente\/wp-json\/wp\/v2\/media\/17049"}],"wp:attachment":[{"href":"https:\/\/www.ambienteyenergia.gob.ec\/ambiente\/wp-json\/wp\/v2\/media?parent=17048"}],"wp:term":[{"taxonomy":"category","embeddable":true,"href":"https:\/\/www.ambienteyenergia.gob.ec\/ambiente\/wp-json\/wp\/v2\/categories?post=17048"},{"taxonomy":"post_tag","embeddable":true,"href":"https:\/\/www.ambienteyenergia.gob.ec\/ambiente\/wp-json\/wp\/v2\/tags?post=17048"}],"curies":[{"name":"wp","href":"https:\/\/api.w.org\/{rel}","templated":true}]}}