{"id":17045,"date":"2013-11-29T11:56:54","date_gmt":"2013-11-29T16:56:54","guid":{"rendered":"http:\/\/www.ambiente.gob.ec\/?p=17045"},"modified":"2013-11-29T11:56:54","modified_gmt":"2013-11-29T16:56:54","slug":"mae-toma-acciones-respecto-a-la-introduccion-de-camaron-de-rio-en-laguna-de-yahuarcocha","status":"publish","type":"post","link":"https:\/\/www.ambienteyenergia.gob.ec\/ambiente\/mae-toma-acciones-respecto-a-la-introduccion-de-camaron-de-rio-en-laguna-de-yahuarcocha\/","title":{"rendered":"MAE toma acciones respecto a la introducci\u00f3n de camar\u00f3n de r\u00edo en Laguna de Yahuarcocha"},"content":{"rendered":"<p style=\"text-align: justify;\">El Ministerio del Ambiente (MAE), en coordinaci\u00f3n con los Ministerios de Salud, de Turismo y de Agricultura, Ganader\u00eda, Acuacultura y Pesca; los Gobiernos Aut\u00f3nomos Descentralizados Municipal de Ibarra y Provincial de Imbabura; y la Secretar\u00eda Nacional de Planificaci\u00f3n y Desarrollo (Senplades), organiz\u00f3 una reuni\u00f3n de trabajo para tomar acciones de corto, mediano y largo plazo con la finalidad de neutralizar los impactos ambientales, sociales y de salud, que generar\u00e1 la introducci\u00f3n del camar\u00f3n de r\u00edo en la Laguna de Yahuarcocha. La asamblea se desarroll\u00f3 el pasado 22 de noviembre, en las instalaciones de la Direcci\u00f3n Provincial del Ambiente de Imbabura.<\/p>\n<p style=\"text-align: justify;\">Dentro de los acuerdos establecidos se contempla un estudio Microbiol\u00f3gico, de Trasas y Brotol\u00f3gico para determinar el estado de salud de la especie, para consumo humano. Los resultados del mismo estar\u00e1n en aproximadamente 20 d\u00edas.<\/p>\n<p style=\"text-align: justify;\">Asimismo, se realizar\u00e1 un diagn\u00f3stico r\u00e1pido de la especie, donde se establecer\u00e1n tres momentos, la toma de datos, an\u00e1lisis de la informaci\u00f3n e interpretaci\u00f3n de los resultados. Y finalmente, a largo plazo se efectuar\u00e1 un estudio cient\u00edfico t\u00e9cnico en conjunto con instituciones acad\u00e9micas.<\/p>\n<p style=\"text-align: justify;\">La introducci\u00f3n de estas especies invasoras genera cambios en las comunidades de animales y plantas nativas y puede causar impactos severos de las poblaciones de camarones de r\u00edo nativos, a trav\u00e9s de competici\u00f3n y transmisi\u00f3n de enfermedades.<\/p>\n<p style=\"text-align: justify;\">Entre los efectos m\u00e1s nocivos est\u00e1n la reducci\u00f3n de la diversidad, alteraci\u00f3n de la calidad de agua y caracter\u00edsticas del sedimento y acumulaci\u00f3n de metales pesados. Adem\u00e1s, puede da\u00f1ar los sistemas de riego agr\u00edcola, impacta la industria de la pesca, y reduce las poblaciones de invertebrados, moluscos y anfibios.<\/p>\n<p style=\"text-align: justify;\">El MAE, como principal Autoridad Ambiental, velar\u00e1 por el bienestar de las especies y los ecosistemas de la zona, propiciando su conservaci\u00f3n sobre el de las especies introducidas, para lo cual esperar\u00e1 los resultados de este trabajo.<\/p>\n","protected":false},"excerpt":{"rendered":"<p class=\"excerpt\">El Ministerio del Ambiente (MAE), en coordinaci\u00f3n con los Ministerios de Salud, de Turismo y de Agricultura, Ganader\u00eda, Acuacultura y Pesca; los Gobiernos Aut\u00f3nomos Descentralizados Municipal de Ibarra y Provincial de Imbabura; y la Secretar\u00eda Nacional de Planificaci\u00f3n y Desarrollo (Senplades), organiz\u00f3 una reuni\u00f3n de trabajo para tomar acciones de corto, mediano y largo plazo con la finalidad de neutralizar&hellip; <a href=\"https:\/\/www.ambienteyenergia.gob.ec\/ambiente\/mae-toma-acciones-respecto-a-la-introduccion-de-camaron-de-rio-en-laguna-de-yahuarcocha\/\">Read more &rarr;<\/a><\/p>\n","protected":false},"author":13,"featured_media":17046,"comment_status":"open","ping_status":"open","sticky":false,"template":"","format":"standard","meta":{"footnotes":""},"categories":[16,4],"tags":[],"class_list":["post-17045","post","type-post","status-publish","format-standard","has-post-thumbnail","hentry","category-comunicamos","category-noticias","xfolkentry"],"_links":{"self":[{"href":"https:\/\/www.ambienteyenergia.gob.ec\/ambiente\/wp-json\/wp\/v2\/posts\/17045","targetHints":{"allow":["GET"]}}],"collection":[{"href":"https:\/\/www.ambienteyenergia.gob.ec\/ambiente\/wp-json\/wp\/v2\/posts"}],"about":[{"href":"https:\/\/www.ambienteyenergia.gob.ec\/ambiente\/wp-json\/wp\/v2\/types\/post"}],"author":[{"embeddable":true,"href":"https:\/\/www.ambienteyenergia.gob.ec\/ambiente\/wp-json\/wp\/v2\/users\/13"}],"replies":[{"embeddable":true,"href":"https:\/\/www.ambienteyenergia.gob.ec\/ambiente\/wp-json\/wp\/v2\/comments?post=17045"}],"version-history":[{"count":0,"href":"https:\/\/www.ambienteyenergia.gob.ec\/ambiente\/wp-json\/wp\/v2\/posts\/17045\/revisions"}],"wp:featuredmedia":[{"embeddable":true,"href":"https:\/\/www.ambienteyenergia.gob.ec\/ambiente\/wp-json\/wp\/v2\/media\/17046"}],"wp:attachment":[{"href":"https:\/\/www.ambienteyenergia.gob.ec\/ambiente\/wp-json\/wp\/v2\/media?parent=17045"}],"wp:term":[{"taxonomy":"category","embeddable":true,"href":"https:\/\/www.ambienteyenergia.gob.ec\/ambiente\/wp-json\/wp\/v2\/categories?post=17045"},{"taxonomy":"post_tag","embeddable":true,"href":"https:\/\/www.ambienteyenergia.gob.ec\/ambiente\/wp-json\/wp\/v2\/tags?post=17045"}],"curies":[{"name":"wp","href":"https:\/\/api.w.org\/{rel}","templated":true}]}}