{"id":17028,"date":"2013-11-27T20:56:54","date_gmt":"2013-11-28T01:56:54","guid":{"rendered":"http:\/\/www.ambiente.gob.ec\/?p=17028"},"modified":"2013-11-28T12:47:02","modified_gmt":"2013-11-28T17:47:02","slug":"ministra-lorena-tapia-explico-resultados-del-estado-de-excepcion-forestal-en-esmeraldas-y-las-medidas-para-su-extension","status":"publish","type":"post","link":"https:\/\/www.ambienteyenergia.gob.ec\/ambiente\/ministra-lorena-tapia-explico-resultados-del-estado-de-excepcion-forestal-en-esmeraldas-y-las-medidas-para-su-extension\/","title":{"rendered":"Ministra Lorena Tapia explic\u00f3 resultados del Estado de Excepci\u00f3n forestal en Esmeraldas y las   medidas para su extensi\u00f3n"},"content":{"rendered":"<p style=\"text-align: justify;\">Luego de los primeros 60 d\u00edas del Estado de Excepci\u00f3n en Esmeradas, el Gobierno Nacional decidi\u00f3 extender\u00a0la medida 30 d\u00edas m\u00e1s para fortalecer el control y reducir la tala ilegal, cuidando el patrimonio natural de esa\u00a0provincia y de todo el pa\u00eds, informaron hoy, las Ministras del Ambiente, Lorena Tapia, y de Defensa, Mar\u00eda\u00a0Fernanda Espinosa.<\/p>\n<p style=\"text-align: justify;\">La decisi\u00f3n se tom\u00f3 tras una evaluaci\u00f3n de los resultados de la aplicaci\u00f3n de la medida solicitada por la\u00a0m\u00e1xima Autoridad Ambiental del Ecuador. \u201cEntre los datos que destacan del informe, est\u00e1 que el 100 % de\u00a0los programas de aprovechamiento aprobados por el Ministerio del Ambiente hasta el a\u00f1o 2013 fue verificado.\u00a0Adem\u00e1s, alrededor de 1 200 metros c\u00fabicos de madera ilegal fueron decomisados como resultado de los\u00a0controles en puestos fijos y m\u00f3viles estrat\u00e9gicamente ubicados\u201d, indic\u00f3 la Ministra Tapia.<\/p>\n<p style=\"text-align: justify;\">Las fases de la Declaratoria de Excepci\u00f3n fueron operativos fijos y m\u00f3viles, verificaciones in situ de\u00a0aprovechamiento vinculado con bosque nativo, allanamientos a centros de acopio de madera ilegal, monitoreo\u00a0del destino final de la madera y auditor\u00edas ambientales a las empresas que el MAE otorg\u00f3 licencias. Dentro de\u00a0este proceso, sin duda el apoyo de las Fuerzas Armadas fue fundamental.<\/p>\n<p style=\"text-align: justify;\">En ese contexto, \u201cla medida que inici\u00f3 el pasado 23 de septiembre, se renueva 30 d\u00edas, a partir de la\u00a0suscripci\u00f3n del presente Decreto Ejecutivo, con el fin de hacer cesar las actividades de aprovechamiento\u00a0forestal en bosque nativo y de regeneraci\u00f3n natural que se vienen desarrollando de manera irregular, de\u00a0esta forma garantizar la permanencia en el tiempo de los servicios ecosist\u00e9micos que brindan los bosques\u00a0y que benefician a la colectividad al acceso a un ambiente sano conforme lo dispone la Constituci\u00f3n de la\u00a0Rep\u00fablica\u201d, resalt\u00f3 la M\u00e1xima Autoridad Ambiental.<\/p>\n<p style=\"text-align: justify;\">Para fortalecer las actividades de control y vigilancia, la Presidencia dispuso que el Ministerio de Defensa\u00a0Nacional y del Interior para que mediante el Comandando Conjunto de las Fuerzas Armadas y la Polic\u00eda\u00a0Nacional elaboren y ejecuten un plan de contingencia.<\/p>\n<p style=\"text-align: justify;\">\u201cEn lo que corresponde a las Fuerzas Armadas, nosotros mantenemos permanentemente acciones de\u00a0defensa de la soberan\u00eda, se debe dejar claro que defender la soberan\u00eda no solo se refiere a proteger los\u00a0l\u00edmites patrios, sino tambi\u00e9n defender los recursos estrat\u00e9gicos de todos los ecuatorianos y ecuatorianas, uno\u00a0de estos recursos son los bosques y en especial los bosques primarios\u201d, manifest\u00f3 la Ministra de Defensa,\u00a0Mar\u00eda Fernanda Espinosa.<\/p>\n<p style=\"text-align: justify;\">La Titular de Defensa inform\u00f3 tambi\u00e9n que alrededor de \u201c1 361 efectivos de las Fuerzas Armadas\u00a0trabajan en los operativos de incautaci\u00f3n, y de inteligencia, parte fundamental que ha permitido obtener\u00a0los resultados s\u00f3lidos\u201d. Adem\u00e1s, se han usado 111 medios log\u00edsticos, que incluye motocicletas, camiones,\u00a0veh\u00edculos t\u00e1cticos y sobrevuelos de manera coordinada con personal del Ministerio del Ambiente. \u201cEn el\u00a0futuro, Ecuador va a producir aviones no tripulados para acompa\u00f1ar estas actividades de monitoreo forestal\u201d,\u00a0asegur\u00f3.<\/p>\n<p style=\"text-align: justify;\">Ambas secretarias de Estado se comprometieron a seguir operando coordinadamente, para obtener\u00a0resultados favorables en lo que respecta a la conservaci\u00f3n.<\/p>\n<p style=\"text-align: justify;\"><strong>Resultados de la Declaratoria<\/strong><\/p>\n<p style=\"text-align: justify;\">La Ministra Tapia inform\u00f3 que los resultados de este proceso permiten a la Autoridad Ambiental iniciar\u00a0acciones administrativas amparadas en el marco normativo vigente. As\u00ed, al 22 de noviembre, se han iniciado\u00a0206 causas a los diferentes actores que han incumplido varios aspectos establecidos en la normativa\u00a0ambiental vigente. \u201cDel total de las causas iniciadas, 67 corresponden a ejecutores, 58 a propietarios, 41 a\u00a0regentes y 36 por movilizaci\u00f3n de madera ilegal, y 4 por tenencia de madera ilegal en centros de acopio\u201d.<\/p>\n<p style=\"text-align: justify;\">Asimismo, como resultado del control realizado tanto por los puestos fijos como por unidades m\u00f3viles se revisaron 4761 veh\u00edculos que transportaban 74957 m<sup>3<\/sup>y\u00a0 de los cuales se retuvieron alrededor de 40 veh\u00edculos que incumpl\u00edan con la normativa.<\/p>\n<p style=\"text-align: justify;\">Como resultado de los controles de puestos fijos y unidades m\u00f3viles, as\u00ed como de los operativos especiales realizados a centros de acopio, la madera retenida ascendi\u00f3 a 1200 m<sup>3.<\/sup><\/p>\n<p style=\"text-align: justify;\">La medida no est\u00e1 enfocada a ser coercitiva, sino promover un enfoque de manejo responsable de recursos,\u00a0destac\u00f3 la M\u00e1xima Autoridad Ambiental. Si bien, esta Declaratoria de Excepci\u00f3n tuvo como objeto evitar\u00a0la tala ilegal de bosque primario, as\u00ed como, la renovaci\u00f3n de permisos y el otorgamiento de nuevos,\u00a0enmarcados en el manejo forestal responsable, tambi\u00e9n se buscaron alternativas como el Proyecto Socio\u00a0Bosque, para la ciudadan\u00eda que viv\u00eda de esta actividad.<\/p>\n<p style=\"text-align: justify;\">Como respuesta a ello, cerca de 1 350 ciudadanos registraron a sus predios en el programa Socio Bosque,\u00a0para recibir los incentivos forestales por conservaci\u00f3n que otorga esta Cartera de Estado.<\/p>\n<p style=\"text-align: justify;\">\u201c18 991 hect\u00e1reas de las cuales 14 000 aproximadamente est\u00e1n en conservaci\u00f3n y 2 342 entraron en proceso\u00a0de legalizaci\u00f3n, porque uno de los factores de presi\u00f3n respecto a la tala ilegal es la falta de legalizaci\u00f3n de\u00a0tierras, por eso nos hemos enfocado en establecer estas acciones\u201d, afirm\u00f3 la Ministra del Ambiente.<\/p>\n","protected":false},"excerpt":{"rendered":"<p class=\"excerpt\">Luego de los primeros 60 d\u00edas del Estado de Excepci\u00f3n en Esmeradas, el Gobierno Nacional decidi\u00f3 extender\u00a0la medida 30 d\u00edas m\u00e1s para fortalecer el control y reducir la tala ilegal, cuidando el patrimonio natural de esa\u00a0provincia y de todo el pa\u00eds, informaron hoy, las Ministras del Ambiente, Lorena Tapia, y de Defensa, Mar\u00eda\u00a0Fernanda Espinosa. La decisi\u00f3n se tom\u00f3 tras una&hellip; <a href=\"https:\/\/www.ambienteyenergia.gob.ec\/ambiente\/ministra-lorena-tapia-explico-resultados-del-estado-de-excepcion-forestal-en-esmeraldas-y-las-medidas-para-su-extension\/\">Read more &rarr;<\/a><\/p>\n","protected":false},"author":13,"featured_media":17029,"comment_status":"open","ping_status":"open","sticky":false,"template":"","format":"standard","meta":{"footnotes":""},"categories":[16,4],"tags":[55,333,108,53,366],"class_list":["post-17028","post","type-post","status-publish","format-standard","has-post-thumbnail","hentry","category-comunicamos","category-noticias","tag-esmeraldas","tag-estado-de-excepcion","tag-lorena-tapia","tag-mae","tag-rueda-de-prensa","xfolkentry"],"_links":{"self":[{"href":"https:\/\/www.ambienteyenergia.gob.ec\/ambiente\/wp-json\/wp\/v2\/posts\/17028","targetHints":{"allow":["GET"]}}],"collection":[{"href":"https:\/\/www.ambienteyenergia.gob.ec\/ambiente\/wp-json\/wp\/v2\/posts"}],"about":[{"href":"https:\/\/www.ambienteyenergia.gob.ec\/ambiente\/wp-json\/wp\/v2\/types\/post"}],"author":[{"embeddable":true,"href":"https:\/\/www.ambienteyenergia.gob.ec\/ambiente\/wp-json\/wp\/v2\/users\/13"}],"replies":[{"embeddable":true,"href":"https:\/\/www.ambienteyenergia.gob.ec\/ambiente\/wp-json\/wp\/v2\/comments?post=17028"}],"version-history":[{"count":0,"href":"https:\/\/www.ambienteyenergia.gob.ec\/ambiente\/wp-json\/wp\/v2\/posts\/17028\/revisions"}],"wp:featuredmedia":[{"embeddable":true,"href":"https:\/\/www.ambienteyenergia.gob.ec\/ambiente\/wp-json\/wp\/v2\/media\/17029"}],"wp:attachment":[{"href":"https:\/\/www.ambienteyenergia.gob.ec\/ambiente\/wp-json\/wp\/v2\/media?parent=17028"}],"wp:term":[{"taxonomy":"category","embeddable":true,"href":"https:\/\/www.ambienteyenergia.gob.ec\/ambiente\/wp-json\/wp\/v2\/categories?post=17028"},{"taxonomy":"post_tag","embeddable":true,"href":"https:\/\/www.ambienteyenergia.gob.ec\/ambiente\/wp-json\/wp\/v2\/tags?post=17028"}],"curies":[{"name":"wp","href":"https:\/\/api.w.org\/{rel}","templated":true}]}}