{"id":17021,"date":"2013-11-27T12:23:26","date_gmt":"2013-11-27T17:23:26","guid":{"rendered":"http:\/\/www.ambiente.gob.ec\/?p=17021"},"modified":"2013-11-27T12:23:26","modified_gmt":"2013-11-27T17:23:26","slug":"148-metros-cubicos-de-madera-fueron-decomisados-en-chimborazo","status":"publish","type":"post","link":"https:\/\/www.ambienteyenergia.gob.ec\/ambiente\/148-metros-cubicos-de-madera-fueron-decomisados-en-chimborazo\/","title":{"rendered":"14,8 metros c\u00fabicos de madera fueron decomisados en Chimborazo"},"content":{"rendered":"<p style=\"text-align: justify;\">El Ministerio del Ambiente (MAE), como una de las<b> <\/b>estrategias para reducir el tr\u00e1fico ilegal de madera en todo el pa\u00eds, realiza operativos de control forestal continuamente en la provincia de Chimborazo, y como resultado de ello, la madrugada de hoy, personal del Parque Nacional Sangay zona alta decomis\u00f3 14,8 metros c\u00fabicos de madera y 414 tablones, repartidos en dos camiones que circulaban por el sector conocido como \u201cEl\u00a0 Socav\u00f3n\u201d de la parroquia\u00a0 Cebadas, en la v\u00eda\u00a0 Guamote &#8211;\u00a0 Macas.<\/p>\n<p style=\"text-align: justify;\">Las especies incautadas eran nativas\u00a0de la zona oriental como Laurel (<i>Cordia alliodora<\/i>), Canelo (<i>Nectandra sp<\/i>.), Copal (<i>Dracoides peruviana<\/i>) y Sangre de Gallina (<i>Otoba glycicarpa<\/i>).<\/p>\n<p style=\"text-align: justify;\">El MAE, en coordinaci\u00f3n con un contingente de la Unidad de Polic\u00eda Medio Ambiental (UPMA), ejecuta este tipo de inspecciones con el fin de evitar el tr\u00e1fico ilegal de madera y verificar que todos los comerciantes de madera tengan los permisos requeridos por esta Cartera de Estado como la gu\u00eda de movilizaci\u00f3n.<\/p>\n<p style=\"text-align: justify;\">La conservaci\u00f3n y el manejo sostenible de los bosques es una prioridad para el MAE, por esta raz\u00f3n, se implementaron estos sistemas de control, para propiciar un manejo sustentable de\u00a0\u00a0 recursos forestales y la conservaci\u00f3n de su diversidad, adem\u00e1s de contribuir al crecimiento econ\u00f3mico y al desarrollo social.<\/p>\n","protected":false},"excerpt":{"rendered":"<p class=\"excerpt\">El Ministerio del Ambiente (MAE), como una de las estrategias para reducir el tr\u00e1fico ilegal de madera en todo el pa\u00eds, realiza operativos de control forestal continuamente en la provincia de Chimborazo, y como resultado de ello, la madrugada de hoy, personal del Parque Nacional Sangay zona alta decomis\u00f3 14,8 metros c\u00fabicos de madera y 414 tablones, repartidos en dos&hellip; <a href=\"https:\/\/www.ambienteyenergia.gob.ec\/ambiente\/148-metros-cubicos-de-madera-fueron-decomisados-en-chimborazo\/\">Read more &rarr;<\/a><\/p>\n","protected":false},"author":13,"featured_media":17022,"comment_status":"open","ping_status":"open","sticky":false,"template":"","format":"standard","meta":{"footnotes":""},"categories":[16,4],"tags":[],"class_list":["post-17021","post","type-post","status-publish","format-standard","has-post-thumbnail","hentry","category-comunicamos","category-noticias","xfolkentry"],"_links":{"self":[{"href":"https:\/\/www.ambienteyenergia.gob.ec\/ambiente\/wp-json\/wp\/v2\/posts\/17021","targetHints":{"allow":["GET"]}}],"collection":[{"href":"https:\/\/www.ambienteyenergia.gob.ec\/ambiente\/wp-json\/wp\/v2\/posts"}],"about":[{"href":"https:\/\/www.ambienteyenergia.gob.ec\/ambiente\/wp-json\/wp\/v2\/types\/post"}],"author":[{"embeddable":true,"href":"https:\/\/www.ambienteyenergia.gob.ec\/ambiente\/wp-json\/wp\/v2\/users\/13"}],"replies":[{"embeddable":true,"href":"https:\/\/www.ambienteyenergia.gob.ec\/ambiente\/wp-json\/wp\/v2\/comments?post=17021"}],"version-history":[{"count":0,"href":"https:\/\/www.ambienteyenergia.gob.ec\/ambiente\/wp-json\/wp\/v2\/posts\/17021\/revisions"}],"wp:featuredmedia":[{"embeddable":true,"href":"https:\/\/www.ambienteyenergia.gob.ec\/ambiente\/wp-json\/wp\/v2\/media\/17022"}],"wp:attachment":[{"href":"https:\/\/www.ambienteyenergia.gob.ec\/ambiente\/wp-json\/wp\/v2\/media?parent=17021"}],"wp:term":[{"taxonomy":"category","embeddable":true,"href":"https:\/\/www.ambienteyenergia.gob.ec\/ambiente\/wp-json\/wp\/v2\/categories?post=17021"},{"taxonomy":"post_tag","embeddable":true,"href":"https:\/\/www.ambienteyenergia.gob.ec\/ambiente\/wp-json\/wp\/v2\/tags?post=17021"}],"curies":[{"name":"wp","href":"https:\/\/api.w.org\/{rel}","templated":true}]}}