{"id":17011,"date":"2013-11-27T11:14:11","date_gmt":"2013-11-27T16:14:11","guid":{"rendered":"http:\/\/www.ambiente.gob.ec\/?p=17011"},"modified":"2013-11-27T11:14:11","modified_gmt":"2013-11-27T16:14:11","slug":"mae-decomiso-20-bolsas-de-musgo-en-mercados-de-riobamba-chimborazo","status":"publish","type":"post","link":"https:\/\/www.ambienteyenergia.gob.ec\/ambiente\/mae-decomiso-20-bolsas-de-musgo-en-mercados-de-riobamba-chimborazo\/","title":{"rendered":"MAE decomis\u00f3 20 bolsas de musgo en mercados de Riobamba (Chimborazo)"},"content":{"rendered":"<p style=\"text-align: justify;\">De acuerdo a la planificaci\u00f3n y socializaci\u00f3n de la campa\u00f1a denomina \u201cNo arranque la piel de los Bosques\u201d, \u00a0el Ministerio del Ambiente (MAE), a trav\u00e9s de la Direcci\u00f3n Provincial en Chimborazo, realiz\u00f3 hoy, un operativo de control en v\u00edas circundantes a las \u00e1reas protegidas, mercados, ferias navide\u00f1as y lugares de expendio de musgo.<\/p>\n<p style=\"text-align: justify;\">El MAE en coordinaci\u00f3n con la Unidad de Polic\u00eda del Medio Ambiente (UPMA) y t\u00e9cnicos de la unidad de patrimonio natural, decomis\u00f3 20 bolsas con \u00a0musgo, en los mercados La Merced, Contamine, Santa Rosa y San Alfonso, de la ciudad de Riobamba.<\/p>\n<p style=\"text-align: justify;\">A su vez se socializ\u00f3 la importancia de estas especies como agentes que detienen la erosi\u00f3n, interceptan la lluvia y poseen una enorme capacidad de retenci\u00f3n de agua, ayudando a mantener la humedad de los bosques. Estas especies son los primeros colonizadores de suelos desnudos siendo el sustrato apropiado para la germinaci\u00f3n de semillas dentro del\u00a0\u00a0\u00a0 bosque.<\/p>\n<p style=\"text-align: justify;\">Estas socializaciones y operativos de control en lugares de expendio del musgo \u00a0buscan fortalecer, la utilizaci\u00f3n de materiales alternativos como cart\u00f3n, piedritas, aserr\u00edn pintado, papel, tela, yute, costales, y otros.<\/p>\n<p style=\"text-align: justify;\">Lo importante es contribuir a la preservaci\u00f3n del ambiente y para ello, es necesario concienciar a la poblaci\u00f3n para que apliquen buenas pr\u00e1cticas y h\u00e1bitos tan sencillos como el evitar comprar y vender este tipo de especies.<\/p>\n<p style=\"text-align: justify;\">\n","protected":false},"excerpt":{"rendered":"<p class=\"excerpt\">De acuerdo a la planificaci\u00f3n y socializaci\u00f3n de la campa\u00f1a denomina \u201cNo arranque la piel de los Bosques\u201d, \u00a0el Ministerio del Ambiente (MAE), a trav\u00e9s de la Direcci\u00f3n Provincial en Chimborazo, realiz\u00f3 hoy, un operativo de control en v\u00edas circundantes a las \u00e1reas protegidas, mercados, ferias navide\u00f1as y lugares de expendio de musgo. El MAE en coordinaci\u00f3n con la Unidad&hellip; <a href=\"https:\/\/www.ambienteyenergia.gob.ec\/ambiente\/mae-decomiso-20-bolsas-de-musgo-en-mercados-de-riobamba-chimborazo\/\">Read more &rarr;<\/a><\/p>\n","protected":false},"author":13,"featured_media":17012,"comment_status":"open","ping_status":"open","sticky":false,"template":"","format":"standard","meta":{"footnotes":""},"categories":[16,4],"tags":[],"class_list":["post-17011","post","type-post","status-publish","format-standard","has-post-thumbnail","hentry","category-comunicamos","category-noticias","xfolkentry"],"_links":{"self":[{"href":"https:\/\/www.ambienteyenergia.gob.ec\/ambiente\/wp-json\/wp\/v2\/posts\/17011","targetHints":{"allow":["GET"]}}],"collection":[{"href":"https:\/\/www.ambienteyenergia.gob.ec\/ambiente\/wp-json\/wp\/v2\/posts"}],"about":[{"href":"https:\/\/www.ambienteyenergia.gob.ec\/ambiente\/wp-json\/wp\/v2\/types\/post"}],"author":[{"embeddable":true,"href":"https:\/\/www.ambienteyenergia.gob.ec\/ambiente\/wp-json\/wp\/v2\/users\/13"}],"replies":[{"embeddable":true,"href":"https:\/\/www.ambienteyenergia.gob.ec\/ambiente\/wp-json\/wp\/v2\/comments?post=17011"}],"version-history":[{"count":0,"href":"https:\/\/www.ambienteyenergia.gob.ec\/ambiente\/wp-json\/wp\/v2\/posts\/17011\/revisions"}],"wp:featuredmedia":[{"embeddable":true,"href":"https:\/\/www.ambienteyenergia.gob.ec\/ambiente\/wp-json\/wp\/v2\/media\/17012"}],"wp:attachment":[{"href":"https:\/\/www.ambienteyenergia.gob.ec\/ambiente\/wp-json\/wp\/v2\/media?parent=17011"}],"wp:term":[{"taxonomy":"category","embeddable":true,"href":"https:\/\/www.ambienteyenergia.gob.ec\/ambiente\/wp-json\/wp\/v2\/categories?post=17011"},{"taxonomy":"post_tag","embeddable":true,"href":"https:\/\/www.ambienteyenergia.gob.ec\/ambiente\/wp-json\/wp\/v2\/tags?post=17011"}],"curies":[{"name":"wp","href":"https:\/\/api.w.org\/{rel}","templated":true}]}}