{"id":16991,"date":"2013-11-26T22:03:55","date_gmt":"2013-11-27T03:03:55","guid":{"rendered":"http:\/\/www.ambiente.gob.ec\/?p=16991"},"modified":"2013-11-27T08:21:23","modified_gmt":"2013-11-27T13:21:23","slug":"tecnicos-del-mae-demandaron-plan-de-contingencia-al-municipio-de-esmeraldas-por-incendio-en-botadero-de-basura","status":"publish","type":"post","link":"https:\/\/www.ambienteyenergia.gob.ec\/ambiente\/tecnicos-del-mae-demandaron-plan-de-contingencia-al-municipio-de-esmeraldas-por-incendio-en-botadero-de-basura\/","title":{"rendered":"T\u00e9cnicos del MAE demandaron plan de contingencia al Municipio de Esmeraldas por incendio en botadero de basura"},"content":{"rendered":"<p style=\"text-align: justify;\">La Direcci\u00f3n Provincial del Ministerio del Ambiente, exige al Municipio de Esmeraldas, la aplicaci\u00f3n del plan de contingencia con el fin de controlar el incendio en el botadero de basura y disminuir los impactos al ambiente.<\/p>\n<p style=\"text-align: justify;\">El fuego en el botadero a cielo abierto ubicado a pocos kil\u00f3metros de la ciudad, se inici\u00f3 desde las primeras horas de la\u00a0ma\u00f1ana\u00a0de\u00a0ayer, al parecer por un incendio forestal cercano, seg\u00fan dijo Fabricio\u00a0S\u00e1nchez, Director de Higiene Municipal. A las 18:00 las llamas se extendieron provocando la emanaci\u00f3n de humo negro t\u00f3xico a la atmosfera.<\/p>\n<p style=\"text-align: justify;\">\u201cPreocupa al Ministerio del Ambiente la contaminaci\u00f3n generada por la incineraci\u00f3n de desechos que se dispersaron a la ciudad\u201d, manifest\u00f3 Narcisa C\u00e1rdenas, directora provincial del MAE.<\/p>\n<p style=\"text-align: justify;\">Con los t\u00e9cnicos de la Unidad de Calidad Ambiental del MAE y la directora C\u00e1rdenas, se procedi\u00f3 apoyar en la gesti\u00f3n para conseguir un tractor para que el Cuerpo de Bomberos realice su trabajo. La alternativa para controlar las llamas era rellenar con tierra y luego neutralizarlo con agua.<\/p>\n<p style=\"text-align: justify;\">Adem\u00e1s se comunic\u00f3 al ECU 911 del dantesco incendio que se extendi\u00f3 por todo el botadero de basura para que esta instituci\u00f3n coordine los procedimientos con las instituciones de Prevenci\u00f3n, Seguridad y de Gesti\u00f3n de Riesgos.<\/p>\n<p style=\"text-align: justify;\">La gesti\u00f3n del MAE permiti\u00f3 que personal param\u00e9dico del ECU -911 atendieran a un bombero que result\u00f3 herido. Tambi\u00e9n la Gobernadora de Esmeraldas, Paola Cabezas gestion\u00f3 la consecuci\u00f3n de la maquinaria requerida y autobombas de la Refiner\u00eda y Suimba.<\/p>\n<p style=\"text-align: justify;\">Esta Secretar\u00eda de Estado en base a lo sucedido, aplicar\u00e1 las acciones de acuerdo a la normativa.<\/p>\n<p style=\"text-align: justify;\">Adem\u00e1s dio a conocer las medidas preventivas que debe aplicar la poblaci\u00f3n en este tipo de incendio con emanaci\u00f3n de humo perjudicial. Se recomienda la utilizaci\u00f3n de mascarillas, evitar el paso por la carretera entre el barrio Esmeraldas \u00a0Libre y el botadero denominado El Jard\u00edn, evitar cocinar fuera de las casas y proteger o cubrir los tanques de agua y productos alimenticios al aire libre.<\/p>\n<p style=\"text-align: justify;\">Los t\u00e9cnicos del MAE permanecieron en el lugar del incendio hasta esta madrugada para certificar que el incendio se haya controlado.<\/p>\n","protected":false},"excerpt":{"rendered":"<p class=\"excerpt\">La Direcci\u00f3n Provincial del Ministerio del Ambiente, exige al Municipio de Esmeraldas, la aplicaci\u00f3n del plan de contingencia con el fin de controlar el incendio en el botadero de basura y disminuir los impactos al ambiente. El fuego en el botadero a cielo abierto ubicado a pocos kil\u00f3metros de la ciudad, se inici\u00f3 desde las primeras horas de la\u00a0ma\u00f1ana\u00a0de\u00a0ayer, al&hellip; <a href=\"https:\/\/www.ambienteyenergia.gob.ec\/ambiente\/tecnicos-del-mae-demandaron-plan-de-contingencia-al-municipio-de-esmeraldas-por-incendio-en-botadero-de-basura\/\">Read more &rarr;<\/a><\/p>\n","protected":false},"author":13,"featured_media":16992,"comment_status":"open","ping_status":"open","sticky":false,"template":"","format":"standard","meta":{"footnotes":""},"categories":[16,4],"tags":[],"class_list":["post-16991","post","type-post","status-publish","format-standard","has-post-thumbnail","hentry","category-comunicamos","category-noticias","xfolkentry"],"_links":{"self":[{"href":"https:\/\/www.ambienteyenergia.gob.ec\/ambiente\/wp-json\/wp\/v2\/posts\/16991","targetHints":{"allow":["GET"]}}],"collection":[{"href":"https:\/\/www.ambienteyenergia.gob.ec\/ambiente\/wp-json\/wp\/v2\/posts"}],"about":[{"href":"https:\/\/www.ambienteyenergia.gob.ec\/ambiente\/wp-json\/wp\/v2\/types\/post"}],"author":[{"embeddable":true,"href":"https:\/\/www.ambienteyenergia.gob.ec\/ambiente\/wp-json\/wp\/v2\/users\/13"}],"replies":[{"embeddable":true,"href":"https:\/\/www.ambienteyenergia.gob.ec\/ambiente\/wp-json\/wp\/v2\/comments?post=16991"}],"version-history":[{"count":0,"href":"https:\/\/www.ambienteyenergia.gob.ec\/ambiente\/wp-json\/wp\/v2\/posts\/16991\/revisions"}],"wp:featuredmedia":[{"embeddable":true,"href":"https:\/\/www.ambienteyenergia.gob.ec\/ambiente\/wp-json\/wp\/v2\/media\/16992"}],"wp:attachment":[{"href":"https:\/\/www.ambienteyenergia.gob.ec\/ambiente\/wp-json\/wp\/v2\/media?parent=16991"}],"wp:term":[{"taxonomy":"category","embeddable":true,"href":"https:\/\/www.ambienteyenergia.gob.ec\/ambiente\/wp-json\/wp\/v2\/categories?post=16991"},{"taxonomy":"post_tag","embeddable":true,"href":"https:\/\/www.ambienteyenergia.gob.ec\/ambiente\/wp-json\/wp\/v2\/tags?post=16991"}],"curies":[{"name":"wp","href":"https:\/\/api.w.org\/{rel}","templated":true}]}}