{"id":16988,"date":"2013-11-26T16:27:47","date_gmt":"2013-11-26T21:27:47","guid":{"rendered":"http:\/\/www.ambiente.gob.ec\/?p=16988"},"modified":"2013-12-19T14:43:06","modified_gmt":"2013-12-19T19:43:06","slug":"suyana-y-mazharito-los-osos-de-anteojos-que-regresaron-al-bosque-nublado","status":"publish","type":"post","link":"https:\/\/www.ambienteyenergia.gob.ec\/ambiente\/suyana-y-mazharito-los-osos-de-anteojos-que-regresaron-al-bosque-nublado\/","title":{"rendered":"Suyana y Mazharito, los osos de anteojos que regresaron al bosque nublado"},"content":{"rendered":"<p style=\"text-align: justify;\">Desde hace ocho d\u00edas, Suyana (hembra) y Mazharito (macho), dos osos de anteojos de un a\u00f1o y un a\u00f1o y medio respectivamente, caminan libres en medio de la espesura vegetal del bosque nublado ecuatoriano. Luego de varios meses de su rescate, atenci\u00f3n, cuidados y monitoreos constantes, el Ministerio del Ambiente del Ecuador (MAE), en coordinaci\u00f3n con la Fundaci\u00f3n Oso Andino, los traslad\u00f3 a un sector de la Cordillera Oriental de Andes, para que puedan desarrollarse en su h\u00e1bitat natural.<\/p>\n<p style=\"text-align: justify;\">Pero su liberaci\u00f3n fue solo un paso m\u00e1s dentro del proceso para la protecci\u00f3n y conservaci\u00f3n de su especie, en peligro de extinci\u00f3n. Todo empez\u00f3 cuando estos ejemplares llegaron al Centro de Rescate Segunda Oportunidad, en Pichincha. Eran peque\u00f1os oseznos de entre seis y siete meses, aproximadamente. Ten\u00edan peso insuficiente para su edad y necesitaron un tratamiento espec\u00edfico para que su crianza sea adecuada.<\/p>\n<p style=\"text-align: justify;\">Una vez recuperada la salud, Mazharito y Suyana fueron trasladados a un sitio de rehabilitaci\u00f3n silvestre ubicado en Las Palmas, un poblado de la provincia de Napo. All\u00ed permanecieron bajo la custodia de especialistas, era necesario registrar su comportamiento y evoluci\u00f3n para que las condiciones fueran adecuadas y la liberaci\u00f3n sea exitosa. Durante ese tiempo, el MAE proporcion\u00f3 los insumos necesarios para su manutenci\u00f3n y bienestar.<\/p>\n<p style=\"text-align: justify;\">As\u00ed, en la ma\u00f1ana del pasado 18 de noviembre, un contingente conformado por m\u00e9dicos veterinarios y bi\u00f3logos aun\u00f3 esfuerzos para estos osos de anteojos puedan disfrutar de la naturaleza. Con extremo cuidado, los veterinarios usaron cerbatanas para sedarlos. Las vitaminas, antiparasitarios y anestesias proporcionados por esta Cartera de Estado, fueron elementos fundamentales para este operativo. Seg\u00fan explic\u00f3 la especialista en Vida Silvestre del MAE, Yolanda Gualoto, quien lider\u00f3 la liberaci\u00f3n, \u201clos animales dormidos no sufren el estr\u00e9s extremo que les causar\u00eda la movilizaci\u00f3n en helic\u00f3ptero\u201d.<\/p>\n<p style=\"text-align: justify;\">Tras 10 minutos de la dosificaci\u00f3n, Mazharito, de 180 cm altura (en dos patas) cay\u00f3 en un sue\u00f1o profundo. Sus 100 kilos de peso pudieron ser levantados en una camilla, sin mayor complicaci\u00f3n. Suyana, por su parte, resisti\u00f3 25 minutos m\u00e1s. Sin embargo, siendo 20 cent\u00edmetros m\u00e1s peque\u00f1a y 30 kilos m\u00e1s liviana, no dio mayor problema. Con los dos espec\u00edmenes dormidos, a bordo de un s\u00faper puma modelo MI-171, del Grupo A\u00e9reo 45 de las Fuerzas Armadas, el equipo despeg\u00f3 y sobrevol\u00f3 la zona escogida para la liberaci\u00f3n.<\/p>\n<p style=\"text-align: justify;\">Las caracter\u00edsticas propias de ese bosque nublado, cercano a un \u00c1rea Protegida del pa\u00eds, dificult\u00f3 la ubicaci\u00f3n del punto exacto para dejar a los osos. En este trayecto el Blgo. Armado Castellanos, presidente de la Fundaci\u00f3n Oso Andino, coloc\u00f3 un collar de telemetr\u00eda al macho y un collar trailla a la hembra, elementos que servir\u00e1n para monitorearlos. Una vez identificado en el sitio, el helic\u00f3ptero aterriz\u00f3.<\/p>\n<p style=\"text-align: justify;\">Mazharito en camilla y Suyana en brazos, a\u00fan dormidos, fueron trasladados hasta el sector elegido. Seg\u00fan se estim\u00f3, treinta minutos m\u00e1s tarde, los osos habr\u00e1n despertado en medio de la densidad de la vegetaci\u00f3n. Rodeados de \u00e1rboles gigantes y cobijados por la tibieza de la neblina, encontrar\u00e1n bromelias, suros, palmas y frutos silvestres, entre otros de sus alimentos favoritos.<\/p>\n<p style=\"text-align: justify;\">Los operativos de este tipo son parte de las acciones que el Ministerio del Ambiente ejecuta en pro de bienestar, protecci\u00f3n y conservaci\u00f3n del Oso Andino (Tremarctos ornatus), una especie registrada en Libro Rojo de Mam\u00edferos del Ecuador. Esta Cartera de Estado, como m\u00e1xima Autoridad en Patrimonio Natural del pa\u00eds, velar\u00e1 por el cumplimiento de la Normativa Ambiental vigente, apoyar\u00e1 iniciativas evitar su extinci\u00f3n y fomentar\u00e1 programas que contribuyan con este objetivo.<\/p>\n<p style=\"text-align: justify;\">Mira el Micronoticiero del MAE dando click <a href=\"http:\/\/www.youtube.com\/watch?v=gHcOzc-4xv4\">aqu\u00ed<\/a><\/p>\n<p style=\"text-align: justify;\"><a href=\"http:\/\/www.ambienteyenergia.gob.ec\/ambiente\/wp-content\/uploads\/2013\/11\/Dos02.jpg\"><img loading=\"lazy\" decoding=\"async\" class=\"aligncenter size-full wp-image-17359\" alt=\"Dos02\" src=\"http:\/\/www.ambienteyenergia.gob.ec\/ambiente\/wp-content\/uploads\/2013\/11\/Dos02.jpg\" width=\"650\" height=\"981\" srcset=\"https:\/\/www.ambienteyenergia.gob.ec\/ambiente\/wp-content\/uploads\/sites\/2\/2013\/11\/Dos02.jpg 650w, https:\/\/www.ambienteyenergia.gob.ec\/ambiente\/wp-content\/uploads\/sites\/2\/2013\/11\/Dos02-198x300.jpg 198w\" sizes=\"auto, (max-width: 650px) 100vw, 650px\" \/><\/a><\/p>\n","protected":false},"excerpt":{"rendered":"<p class=\"excerpt\">Desde hace ocho d\u00edas, Suyana (hembra) y Mazharito (macho), dos osos de anteojos de un a\u00f1o y un a\u00f1o y medio respectivamente, caminan libres en medio de la espesura vegetal del bosque nublado ecuatoriano. Luego de varios meses de su rescate, atenci\u00f3n, cuidados y monitoreos constantes, el Ministerio del Ambiente del Ecuador (MAE), en coordinaci\u00f3n con la Fundaci\u00f3n Oso Andino,&hellip; <a href=\"https:\/\/www.ambienteyenergia.gob.ec\/ambiente\/suyana-y-mazharito-los-osos-de-anteojos-que-regresaron-al-bosque-nublado\/\">Read more &rarr;<\/a><\/p>\n","protected":false},"author":13,"featured_media":17357,"comment_status":"open","ping_status":"open","sticky":false,"template":"","format":"standard","meta":{"footnotes":""},"categories":[16,4],"tags":[],"class_list":["post-16988","post","type-post","status-publish","format-standard","has-post-thumbnail","hentry","category-comunicamos","category-noticias","xfolkentry"],"_links":{"self":[{"href":"https:\/\/www.ambienteyenergia.gob.ec\/ambiente\/wp-json\/wp\/v2\/posts\/16988","targetHints":{"allow":["GET"]}}],"collection":[{"href":"https:\/\/www.ambienteyenergia.gob.ec\/ambiente\/wp-json\/wp\/v2\/posts"}],"about":[{"href":"https:\/\/www.ambienteyenergia.gob.ec\/ambiente\/wp-json\/wp\/v2\/types\/post"}],"author":[{"embeddable":true,"href":"https:\/\/www.ambienteyenergia.gob.ec\/ambiente\/wp-json\/wp\/v2\/users\/13"}],"replies":[{"embeddable":true,"href":"https:\/\/www.ambienteyenergia.gob.ec\/ambiente\/wp-json\/wp\/v2\/comments?post=16988"}],"version-history":[{"count":0,"href":"https:\/\/www.ambienteyenergia.gob.ec\/ambiente\/wp-json\/wp\/v2\/posts\/16988\/revisions"}],"wp:featuredmedia":[{"embeddable":true,"href":"https:\/\/www.ambienteyenergia.gob.ec\/ambiente\/wp-json\/wp\/v2\/media\/17357"}],"wp:attachment":[{"href":"https:\/\/www.ambienteyenergia.gob.ec\/ambiente\/wp-json\/wp\/v2\/media?parent=16988"}],"wp:term":[{"taxonomy":"category","embeddable":true,"href":"https:\/\/www.ambienteyenergia.gob.ec\/ambiente\/wp-json\/wp\/v2\/categories?post=16988"},{"taxonomy":"post_tag","embeddable":true,"href":"https:\/\/www.ambienteyenergia.gob.ec\/ambiente\/wp-json\/wp\/v2\/tags?post=16988"}],"curies":[{"name":"wp","href":"https:\/\/api.w.org\/{rel}","templated":true}]}}