{"id":16984,"date":"2013-11-26T14:19:18","date_gmt":"2013-11-26T19:19:18","guid":{"rendered":"http:\/\/www.ambiente.gob.ec\/?p=16984"},"modified":"2013-11-26T14:19:18","modified_gmt":"2013-11-26T19:19:18","slug":"mae-establece-alianzas-estrategicas-con-sector-privado-productivo-para-la-conservacion-de-bosque-nativo-en-ecuador","status":"publish","type":"post","link":"https:\/\/www.ambienteyenergia.gob.ec\/ambiente\/mae-establece-alianzas-estrategicas-con-sector-privado-productivo-para-la-conservacion-de-bosque-nativo-en-ecuador\/","title":{"rendered":"MAE establece alianzas estrat\u00e9gicas con sector privado \u2013 productivo para la conservaci\u00f3n de bosque nativo en Ecuador"},"content":{"rendered":"<p style=\"text-align: justify;\">Hoy, en rueda de prensa, la Ministra del Ambiente, Lorena Tapia, firm\u00f3 un convenio con la Asociaci\u00f3n Ecuatoriana de Productores y Comercializadores de Teca y Maderas Tropicales (Asoteca), con el objetivo de establecer acciones conjuntas para disminuir la tasa de deforestaci\u00f3n y reducir la presi\u00f3n sobre las \u00e1reas de bosque nativo del Ecuador, a trav\u00e9s del fortalecimiento de plantaciones forestales.<\/p>\n<p style=\"text-align: justify;\">Esto es parte de una alianza estrat\u00e9gica entre el Ministerio del Ambiente del Ecuador (MAE) y el sector privado productivo, que pretende impulsar la conservaci\u00f3n de los recursos naturales. El acto oficial se realiz\u00f3 en la sala de sesiones de la Subsecretar\u00eda de Gesti\u00f3n Marino y Costera, en Guayaquil.<\/p>\n<p style=\"text-align: justify;\">La cooperaci\u00f3n entre el sector p\u00fablico y privado es fundamental para lograr avances significativos que conduzcan al desarrollo sustentable de actividades forestales. En ese sentido, la Ministra del Ambiente afirm\u00f3 que,\u00a0 \u201cel convenio ayudar\u00e1 a fortalecer y mejorar la aprobaci\u00f3n de autorizaci\u00f3n de plantaciones forestales\u00a0 y\u00a0 la aprobaci\u00f3n de permisos de exportaci\u00f3n\u201d.<\/p>\n<p style=\"text-align: justify;\">\n<p style=\"text-align: justify;\">Asimismo, el MAE se comprometi\u00f3 a aportar con asistencia t\u00e9cnica para la reforestaci\u00f3n con especies nativas en lugares espec\u00edficos correspondientes a las plantaciones de los socios de ASOTECA, tales como corredores de linderos, zonas de protecci\u00f3n permanente (causes de agua) u<br \/>\notras \u00e1reas, en donde se pueda realizar la citada actividad.<\/p>\n<p style=\"text-align: justify;\">Por su parte, Asoteca aportar\u00e1 con criterios especializados en la formulaci\u00f3n de normativas relacionadas con el aprovechamiento de plantaciones forestales; contribuir\u00e1 con la formulaci\u00f3n de proyectos relacionados con el manejo forestal y la generaci\u00f3n de productos con valor agregado en etapas iniciales del aprovechamiento; coordinar\u00e1 entre sus socios el establecimiento de zonas para la reforestaci\u00f3n con especies nativas destinadas a la comercializaci\u00f3n; y finalmente, facilitar\u00e1 la realizaci\u00f3n de encuestas y levantamiento de informaci\u00f3n entre sus socios para un censo forestal, en coordinaci\u00f3n con el MAE.<\/p>\n<p style=\"text-align: justify;\">Javier Elizalde,\u00a0 presidente de Asoteca enfatiz\u00f3 que\u00a0 la idea de estos convenios entre el sector p\u00fablico y privado, es poder agilitar los procesos en la regulaci\u00f3n de las plantaciones comerciales.<\/p>\n<p style=\"text-align: justify;\">Finalmente, las dos partes, en el marco de este acuerdo realizar\u00e1n varias actividades, con el fin de fomentar la conservaci\u00f3n de los bosques, entre las cuales se destacan la realizaci\u00f3n de talleres conjuntos dirigidos a productores y otros actores del sector forestal, en los que se explicar\u00e1 la normativa actual; socializaci\u00f3n de buenas pr\u00e1cticas ambientales, que ayuden a prevenir y combatir incendios en plantaciones forestales; y fomentar la exportaci\u00f3n de madera proveniente de plantaciones forestales.<\/p>\n","protected":false},"excerpt":{"rendered":"<p class=\"excerpt\">Hoy, en rueda de prensa, la Ministra del Ambiente, Lorena Tapia, firm\u00f3 un convenio con la Asociaci\u00f3n Ecuatoriana de Productores y Comercializadores de Teca y Maderas Tropicales (Asoteca), con el objetivo de establecer acciones conjuntas para disminuir la tasa de deforestaci\u00f3n y reducir la presi\u00f3n sobre las \u00e1reas de bosque nativo del Ecuador, a trav\u00e9s del fortalecimiento de plantaciones forestales.&hellip; <a href=\"https:\/\/www.ambienteyenergia.gob.ec\/ambiente\/mae-establece-alianzas-estrategicas-con-sector-privado-productivo-para-la-conservacion-de-bosque-nativo-en-ecuador\/\">Read more &rarr;<\/a><\/p>\n","protected":false},"author":13,"featured_media":16985,"comment_status":"open","ping_status":"open","sticky":false,"template":"","format":"standard","meta":{"footnotes":""},"categories":[16,4],"tags":[],"class_list":["post-16984","post","type-post","status-publish","format-standard","has-post-thumbnail","hentry","category-comunicamos","category-noticias","xfolkentry"],"_links":{"self":[{"href":"https:\/\/www.ambienteyenergia.gob.ec\/ambiente\/wp-json\/wp\/v2\/posts\/16984","targetHints":{"allow":["GET"]}}],"collection":[{"href":"https:\/\/www.ambienteyenergia.gob.ec\/ambiente\/wp-json\/wp\/v2\/posts"}],"about":[{"href":"https:\/\/www.ambienteyenergia.gob.ec\/ambiente\/wp-json\/wp\/v2\/types\/post"}],"author":[{"embeddable":true,"href":"https:\/\/www.ambienteyenergia.gob.ec\/ambiente\/wp-json\/wp\/v2\/users\/13"}],"replies":[{"embeddable":true,"href":"https:\/\/www.ambienteyenergia.gob.ec\/ambiente\/wp-json\/wp\/v2\/comments?post=16984"}],"version-history":[{"count":0,"href":"https:\/\/www.ambienteyenergia.gob.ec\/ambiente\/wp-json\/wp\/v2\/posts\/16984\/revisions"}],"wp:featuredmedia":[{"embeddable":true,"href":"https:\/\/www.ambienteyenergia.gob.ec\/ambiente\/wp-json\/wp\/v2\/media\/16985"}],"wp:attachment":[{"href":"https:\/\/www.ambienteyenergia.gob.ec\/ambiente\/wp-json\/wp\/v2\/media?parent=16984"}],"wp:term":[{"taxonomy":"category","embeddable":true,"href":"https:\/\/www.ambienteyenergia.gob.ec\/ambiente\/wp-json\/wp\/v2\/categories?post=16984"},{"taxonomy":"post_tag","embeddable":true,"href":"https:\/\/www.ambienteyenergia.gob.ec\/ambiente\/wp-json\/wp\/v2\/tags?post=16984"}],"curies":[{"name":"wp","href":"https:\/\/api.w.org\/{rel}","templated":true}]}}