{"id":16977,"date":"2013-11-25T20:24:29","date_gmt":"2013-11-26T01:24:29","guid":{"rendered":"http:\/\/www.ambiente.gob.ec\/?p=16977"},"modified":"2013-11-25T20:26:10","modified_gmt":"2013-11-26T01:26:10","slug":"ministra-del-ambiente-lorena-tapia-participo-hoy-en-el-encuentro-presidencial-y-gabinete-binacional-ecuador-colombia","status":"publish","type":"post","link":"https:\/\/www.ambienteyenergia.gob.ec\/ambiente\/ministra-del-ambiente-lorena-tapia-participo-hoy-en-el-encuentro-presidencial-y-gabinete-binacional-ecuador-colombia\/","title":{"rendered":"Ministra del Ambiente, Lorena Tapia, particip\u00f3 hoy en el Encuentro Presidencial y Gabinete Binacional Ecuador \u2013 Colombia"},"content":{"rendered":"<p>Hoy, 25 de noviembre, la Ministra del Ambiente, Lorena Tapia, lider\u00f3 y represent\u00f3 el eje de asuntos ambientales en coordinaci\u00f3n con la Ministra colombiana de Ambiente y Desarrollo Sostenible, Luz Helena Sarmiento, durante el Encuentro Presidencial y Gabinete Binacional Ecuador \u2013 Colombia, que se realiz\u00f3 en la ciudad fronteriza de Ipiales.<\/p>\n<p>Entre los principales resultados que la Autoridad Ambiental de Ecuador expuso \u00a0a los Presidentes de ambas naciones, est\u00e1 la intervenci\u00f3n en materia de \u00c1reas Protegidas, misma que se extendi\u00f3 de una visi\u00f3n fronteriza (dos \u00c1reas Protegidas) a un enfoque de Sistemas Nacionales de \u00c1reas Protegidas (105 \u00c1reas Protegidas).<\/p>\n<p>En ese marco, la Ministra Tapia abord\u00f3 el tema de la oficializaci\u00f3n del Plan de Acci\u00f3n Binacional de \u00c1reas Protegidas 2014-2023, que se efectu\u00f3 durante el III Comit\u00e9 T\u00e9cnico Binacional de Asuntos Ambientales, en marzo de este a\u00f1o; as\u00ed como su Identificaci\u00f3n y priorizaci\u00f3n de acciones y actividades para el corto (un a\u00f1o), mediano (cuatro a\u00f1os) y largo plazo (seis a\u00f1os).<\/p>\n<p>Para ello, el Ministerio del Ambiente de Ecuador (MAE) aportar\u00e1 inicialmente USD 135 000 para la ejecuci\u00f3n de las actividades priorizadas durante el primer a\u00f1o del Plan de Acci\u00f3n (2014). Los dos pa\u00edses conformar\u00e1n equipos t\u00e9cnicos territoriales en la Zona Fronteriza integrada por las Direcciones Provinciales del MAE, CORPONARI\u00d1O Y CORPOAMAZONIA. Asimismo, Ecuador y Colombia revisar\u00e1n una actualizaci\u00f3n del Marco Regulatorio forestal e instrumentos de administraci\u00f3n forestal.<\/p>\n<p>La Titular de la Cartera de Ambiente ecuatoriana inform\u00f3 tambi\u00e9n sobre los resultados de su proyectos emblem\u00e1ticos Sociobosque y SocioP\u00e1ramo, a trav\u00e9s de los que ha logrado conservar 55 815 hect\u00e1reas de bosque natural, y 12 449 hect\u00e1reas de p\u00e1ramo. Adem\u00e1s, ha reforestado 4 594 hect\u00e1reas en \u00e1reas degradadas.<\/p>\n","protected":false},"excerpt":{"rendered":"<p class=\"excerpt\">Hoy, 25 de noviembre, la Ministra del Ambiente, Lorena Tapia, lider\u00f3 y represent\u00f3 el eje de asuntos ambientales en coordinaci\u00f3n con la Ministra colombiana de Ambiente y Desarrollo Sostenible, Luz Helena Sarmiento, durante el Encuentro Presidencial y Gabinete Binacional Ecuador \u2013 Colombia, que se realiz\u00f3 en la ciudad fronteriza de Ipiales. Entre los principales resultados que la Autoridad Ambiental de&hellip; <a href=\"https:\/\/www.ambienteyenergia.gob.ec\/ambiente\/ministra-del-ambiente-lorena-tapia-participo-hoy-en-el-encuentro-presidencial-y-gabinete-binacional-ecuador-colombia\/\">Read more &rarr;<\/a><\/p>\n","protected":false},"author":13,"featured_media":16846,"comment_status":"open","ping_status":"open","sticky":false,"template":"","format":"standard","meta":{"footnotes":""},"categories":[16,4,1],"tags":[],"class_list":["post-16977","post","type-post","status-publish","format-standard","has-post-thumbnail","hentry","category-comunicamos","category-noticias","category-sin-categoria","xfolkentry"],"_links":{"self":[{"href":"https:\/\/www.ambienteyenergia.gob.ec\/ambiente\/wp-json\/wp\/v2\/posts\/16977","targetHints":{"allow":["GET"]}}],"collection":[{"href":"https:\/\/www.ambienteyenergia.gob.ec\/ambiente\/wp-json\/wp\/v2\/posts"}],"about":[{"href":"https:\/\/www.ambienteyenergia.gob.ec\/ambiente\/wp-json\/wp\/v2\/types\/post"}],"author":[{"embeddable":true,"href":"https:\/\/www.ambienteyenergia.gob.ec\/ambiente\/wp-json\/wp\/v2\/users\/13"}],"replies":[{"embeddable":true,"href":"https:\/\/www.ambienteyenergia.gob.ec\/ambiente\/wp-json\/wp\/v2\/comments?post=16977"}],"version-history":[{"count":0,"href":"https:\/\/www.ambienteyenergia.gob.ec\/ambiente\/wp-json\/wp\/v2\/posts\/16977\/revisions"}],"wp:featuredmedia":[{"embeddable":true,"href":"https:\/\/www.ambienteyenergia.gob.ec\/ambiente\/wp-json\/wp\/v2\/media\/16846"}],"wp:attachment":[{"href":"https:\/\/www.ambienteyenergia.gob.ec\/ambiente\/wp-json\/wp\/v2\/media?parent=16977"}],"wp:term":[{"taxonomy":"category","embeddable":true,"href":"https:\/\/www.ambienteyenergia.gob.ec\/ambiente\/wp-json\/wp\/v2\/categories?post=16977"},{"taxonomy":"post_tag","embeddable":true,"href":"https:\/\/www.ambienteyenergia.gob.ec\/ambiente\/wp-json\/wp\/v2\/tags?post=16977"}],"curies":[{"name":"wp","href":"https:\/\/api.w.org\/{rel}","templated":true}]}}