{"id":16971,"date":"2013-11-25T19:32:41","date_gmt":"2013-11-26T00:32:41","guid":{"rendered":"http:\/\/www.ambiente.gob.ec\/?p=16971"},"modified":"2013-11-27T13:04:10","modified_gmt":"2013-11-27T18:04:10","slug":"reunion-bilateral-entre-ministra-de-ambiente-de-ecuador-y-ministro-de-ambiente-de-peru","status":"publish","type":"post","link":"https:\/\/www.ambienteyenergia.gob.ec\/ambiente\/reunion-bilateral-entre-ministra-de-ambiente-de-ecuador-y-ministro-de-ambiente-de-peru\/","title":{"rendered":"Reuni\u00f3n bilateral entre Ministra de Ambiente de Ecuador y Ministros de Ambiente de Latinoam\u00e9rica"},"content":{"rendered":"<p style=\"text-align: justify;\"><strong>Reuni\u00f3n bilateral entre Ministra de Ambiente de Ecuador y Viceministro de Ambiente de Per\u00fa<\/strong><\/p>\n<p style=\"text-align: justify;\">La Ministra de Ambiente de Ecuador, Lorena Tapia, se reuni\u00f3 con su hom\u00f3logo peruano, Manuel Pulgar, este viernes 22 de noviembre en el marco de la COP19 (Conferencia de las Partes de la Convenci\u00f3n Marco de Naciones Unidas para el Cambio Clim\u00e1tico), que se desarroll\u00f3 en Varsovia, del 11 al 22 de noviembre 2013.<\/p>\n<p style=\"text-align: justify;\">La reuni\u00f3n gir\u00f3 en torno a las expectativas de la futura COP20 a realizarse en el 2014 en Per\u00fa. El Ministro Pulgar ser\u00e1 quien presida la pr\u00f3xima Conferencia y al respecto, la Ministra expres\u00f3 el deseo del gobierno de Ecuador en colaborar incondicionalmenteen la organizaci\u00f3n de dicho evento.<\/p>\n<p style=\"text-align: justify;\">Los Ministros intercambiaron percepciones respecto al futuro acuerdo sobre cambio clim\u00e1tico, que ser\u00e1 suscrito en la COP21, en Par\u00eds, y que reemplazar\u00e1 al actual Protocolo de Kioto. Los Ministros coincidieron en la necesidad de promover una \u201cposici\u00f3n regional\u201d sobre el cambio clim\u00e1tico, que incorpore los intereses de grupos de negociaci\u00f3n como AILAC (Alianza Independiente de Am\u00e9rica Latina y el Caribe), ALBA (Alianza Bolivariana de los Pueblos de Nuestra Am\u00e9rica) y que genere la participaci\u00f3n de organismos regionales como UNASUR. Por otro lado, compartieron su preocupaci\u00f3n sobre el estatus de temas medulares como los son: el financiamiento clim\u00e1tico y el aumento de ambici\u00f3n.<\/p>\n<p style=\"text-align: justify;\">El Subsecretario de Cambio Clim\u00e1tico de Ecuador, Eduardo Noboa, sugiri\u00f3 que la pr\u00f3xima COP en Per\u00fa sea la \u201cCOP del programa REDD+\u201d, en vista de que la futura implementaci\u00f3n del programa REDD aportar\u00e1 a la disminuci\u00f3n de emisiones de gases de efecto invernadero en el sector AFOLU (Agricultura, Silvicultura y Cambio del Uso del Suelo). El Subsecretario explic\u00f3 adem\u00e1s las NAMAS (Acciones Nacionales Apropiadas de Mitigaci\u00f3n) que el pa\u00eds tiene previsto implementar y los programas de adaptaci\u00f3n al cambio clim\u00e1tico. Invit\u00f3 al intercambio de conocimientos entre ambos gobiernos.Al respecto, el Ministro Pulgar, sugiri\u00f3 la participaci\u00f3n del Ecuador, en el evento \u201cInterclima\u201d, que tendr\u00e1 lugar en Per\u00fa a finales de a\u00f1o y consiste en un espacio de reporte de la gesti\u00f3n del cambio clim\u00e1tico en Per\u00fa.<\/p>\n<p style=\"text-align: justify;\">La sesi\u00f3n finaliz\u00f3 con la manifestaci\u00f3n de ambos Ministros de aprovechar la coyuntura de la COP20 para que la regi\u00f3n Latinoamericana cohesione sus intereses en relaci\u00f3n al cambio clim\u00e1tico.<\/p>\n<p style=\"text-align: justify;\"><a href=\"http:\/\/www.ambienteyenergia.gob.ec\/ambiente\/wp-content\/uploads\/2013\/11\/DSC08527.jpg\"><img loading=\"lazy\" decoding=\"async\" class=\"aligncenter size-full wp-image-17017\" alt=\"1ra. FOTO: BILATERAL PERU Angel Valverde, Coordinador de Pol\u00edticas SCC Manuel Pulgar, Ministro de Ambiente de Per\u00fa Lorena Tapia, Ministra de Ambiente de Ecuador, Enrique Belaunde, Ministro de la Embajada de Per\u00fa en Polonia Eduardo Noboa, SCC\" src=\"http:\/\/www.ambienteyenergia.gob.ec\/ambiente\/wp-content\/uploads\/2013\/11\/DSC08527.jpg\" width=\"650\" height=\"366\" srcset=\"https:\/\/www.ambienteyenergia.gob.ec\/ambiente\/wp-content\/uploads\/sites\/2\/2013\/11\/DSC08527.jpg 650w, https:\/\/www.ambienteyenergia.gob.ec\/ambiente\/wp-content\/uploads\/sites\/2\/2013\/11\/DSC08527-300x168.jpg 300w, https:\/\/www.ambienteyenergia.gob.ec\/ambiente\/wp-content\/uploads\/sites\/2\/2013\/11\/DSC08527-500x281.jpg 500w\" sizes=\"auto, (max-width: 650px) 100vw, 650px\" \/><\/a><\/p>\n<p style=\"text-align: justify;\"><strong>Reuni\u00f3n bilateral entre Ministra de Ambiente de Ecuador y Viceministro de Ambiente de Colombia<\/strong><\/p>\n<p style=\"text-align: justify;\">El reci\u00e9n posesionado Viceministro de Ambiente de Colombia, Pablo Vieira, se reuni\u00f3 con la Ministra de Ambiente de Ecuador, Lorena Tapia y el Sr. Subsecretario de Cambio Clim\u00e1tico, Eduardo Noboa, este viernes 22 de noviembre de 2013, a fin de intercambiar criterios sobre tres temas: la futura COP a realizarse en Per\u00fa, la posible cooperaci\u00f3n binacional para cambio clim\u00e1tico yel futuro de la Secretar\u00eda Ambiental de la CAN.<\/p>\n<p style=\"text-align: justify;\">Respecto al primer tema, la Sra. Ministra coincidi\u00f3 con el Viceministro Viera en que la COP de Per\u00fa representa \u201ces un compromiso para Per\u00fa, pero es una oportunidad para la regi\u00f3n\u201d. Ambas autoridades recalcaron la necesidad de impulsar sinergias pol\u00edticas en Latinoam\u00e9rica, en torno al cambio clim\u00e1tico. Se espera promover una reuni\u00f3n de alto nivel (Presidencial o Ministerial) en el marco de UNASUR para el pr\u00f3ximo a\u00f1o, en vista de que existe una intenci\u00f3n regional de que la COP de Per\u00fa sea un evento que beneficie a los intereses de la regi\u00f3n.<\/p>\n<p style=\"text-align: justify;\">En lo que respecta al segundo tema, la posible cooperaci\u00f3n binacional sobre cambio clim\u00e1tico, el Subsecretario Noboa explic\u00f3 el estado de avance de la preparaci\u00f3n para la implementaci\u00f3n del programa REDD+, las salvaguardas sociales y ambientales que se han definido, los inventarios de carbono desarrollados, las NAMAS que ser\u00e1n implementadas en Ecuador y sugiri\u00f3 la organizaci\u00f3n de un taller binacional para intercambiar experiencias sobre los programas nacionales de cambio clim\u00e1tico de los dos pa\u00edses. El Subsecretario propuso trabajar en una NAMA binacional en la planta binacional geot\u00e9rmica, en Tufi\u00f1o. Colombia por su parte, se\u00f1al\u00f3 la importancia de fortalecer la relaci\u00f3n pol\u00edtica Ecuador-Colombia, ante la Junta del Fondo Verde Clim\u00e1tico.<\/p>\n<p style=\"text-align: justify;\">En el tercer tema, el futuro de la Secretar\u00eda Ambiental de la CAN, la Ministra de Ambiente expres\u00f3 su inter\u00e9s en trabajar junto a Colombia para la determinaci\u00f3n de los temas ambientales que requieren una continuidad, pues ciertos programas, como el proyecto PRAS (Programa de Adaptaci\u00f3n al Impacto Acelerado del Retroceso de los Glaciaresen los Andes Tropicales) no dispondr\u00e1n del marco regional que ofrece la CAN para su implementaci\u00f3n. El Viceministro Vieria propuso trabajar.<\/p>\n<p style=\"text-align: justify;\">Finalmente y como conclusi\u00f3n, el Subsecretario Noboa sugiri\u00f3 buscar nuevos espacios regionales que faciliten la construcci\u00f3n de intereses comunes sobre el cambio clim\u00e1tico.<\/p>\n<p style=\"text-align: justify;\"><a href=\"http:\/\/www.ambienteyenergia.gob.ec\/ambiente\/wp-content\/uploads\/2013\/11\/DSC085301.jpg\"><img loading=\"lazy\" decoding=\"async\" class=\"aligncenter size-full wp-image-17015\" alt=\"3ra. FOTO: BILATERAL COLOMBIA Funcionaria de Ministerio de Ambiente de Colombia Pablo Viera, Viceministro de Ambiente de Colombia Ministra Eduardo Noboa, SCC Angel Valverde, Coordiandor de Pol\u00edticas Fabi\u00e1n Valdivieso, Embajador del Ecuador en Polonia\" src=\"http:\/\/www.ambienteyenergia.gob.ec\/ambiente\/wp-content\/uploads\/2013\/11\/DSC085301.jpg\" width=\"650\" height=\"366\" srcset=\"https:\/\/www.ambienteyenergia.gob.ec\/ambiente\/wp-content\/uploads\/sites\/2\/2013\/11\/DSC085301.jpg 650w, https:\/\/www.ambienteyenergia.gob.ec\/ambiente\/wp-content\/uploads\/sites\/2\/2013\/11\/DSC085301-300x168.jpg 300w, https:\/\/www.ambienteyenergia.gob.ec\/ambiente\/wp-content\/uploads\/sites\/2\/2013\/11\/DSC085301-500x281.jpg 500w\" sizes=\"auto, (max-width: 650px) 100vw, 650px\" \/><\/a><\/p>\n<p style=\"text-align: justify;\" align=\"center\"><strong>Reuni\u00f3n bilateral Ministra de Ambiente de Ecuador con Subsecretaria de Pol\u00edtica Exterior del Ministerio de Relaciones Exteriores de Argentina<\/strong><\/p>\n<p style=\"text-align: justify;\">En el marco de una c\u00e1lida reuni\u00f3n bilateral, la Ministra de Ambiente de Ecuador convers\u00f3 con la Directora General de Asuntos Ambientales del Ministerio de Relaciones Exteriores de Argentina, Fabiana Loguzzo, y la Subsecretaria de Pol\u00edtica Exterior de dicha cartera de estado, Mar\u00eda del Carmen Skeeff.<\/p>\n<p style=\"text-align: justify;\">Las funcionarias argentinas manifestaron el inter\u00e9s de contribuir para que la regi\u00f3n latinoamericana empiece a formular una posici\u00f3n com\u00fan sobre cambio clim\u00e1tico, en vista de los futuros eventos que tendr\u00e1n lugar en Latinoam\u00e9rica el pr\u00f3ximo a\u00f1o: la COP20 de Per\u00fa y la PreCOP que se realizar\u00e1 en Venezuela. La Ministra resalt\u00f3 los intereses comunes que existen en la regi\u00f3n como lo es el tema de financiamiento clim\u00e1tico y sostuvo que \u201ces tiempo de fortalecer un grupo pol\u00edtico cohesionado\u201d. Manifest\u00f3 adem\u00e1s, las expectativas de que la COP de Per\u00fa sea la \u201cCOP de REDD\u201d.<\/p>\n<p style=\"text-align: justify;\">Al respecto, El Ministerio de Ambiente a trav\u00e9s del Subsecretario, Eduardo Noboa, explic\u00f3 que Ecuador ya dispone de un marco normativo para la futura implementaci\u00f3n de REDD, que se est\u00e1 trabajando en los inventarios de bosques e inventarios de carbono y se est\u00e1n definiendo todas las salvaguardas sociales y ambientales para garantizar la exitosa implementaci\u00f3n del programa, que ser\u00e1 en el 2014. Argentina manifest\u00f3 el inter\u00e9s en aprender del caso ecuatoriano y Ecuador invit\u00f3 adem\u00e1s a conocer sus experiencias respecto a adaptaci\u00f3n, donde se incluye manejo integral de cuencas hidrogr\u00e1ficas, seguridad alimentaria, agricultura y ganader\u00eda sostenible.<\/p>\n<p style=\"text-align: justify;\">Para finalizar, las autoridades de ambos gobiernos analizaron otros \u00e1mbitos de cooperaci\u00f3n ambiental que pueden impulsarse como lo son: a) la \u201cEscuela de Guardaparques\u201d de Argentina que podr\u00eda ofrecer becas a ecuatorianos, b) las experiencias de categorizaci\u00f3n de \u00e1reas protegidas y turismo sostenible de Argentina que pueden replicarse en Ecuador. El gobierno argentino destac\u00f3 que en el marco del programa de cooperaci\u00f3n t\u00e9cnica entre Argentina y Ecuador, existe un permanente intercambio de expertos con el INDA (Instituto Nacional de Desarrollo Agropecuario de Ecuador).<\/p>\n<p>\u00a0<a href=\"http:\/\/www.ambienteyenergia.gob.ec\/ambiente\/wp-content\/uploads\/2013\/11\/DSC08528.jpg\"><img loading=\"lazy\" decoding=\"async\" class=\"aligncenter size-full wp-image-17014\" alt=\"2da. FOTO: BILATERAL ARGENTINA Eduardo Noboa, SCC Fabiana Loguzzo, Directora General de Asuntos Ambientales del Ministerio de Relaciones Exteriores de Argentina Patricia Salas, Encargada de Nogocios de la Embajada de Argentina en Polonia. Lorena Tapa, Ministra Mar\u00eda del Carmen Skeeff, Subsecretaria de Pol\u00edtica Exterior del Ministerio de Relaciones Exteriores de Argentina\" src=\"http:\/\/www.ambienteyenergia.gob.ec\/ambiente\/wp-content\/uploads\/2013\/11\/DSC08528.jpg\" width=\"650\" height=\"366\" srcset=\"https:\/\/www.ambienteyenergia.gob.ec\/ambiente\/wp-content\/uploads\/sites\/2\/2013\/11\/DSC08528.jpg 650w, https:\/\/www.ambienteyenergia.gob.ec\/ambiente\/wp-content\/uploads\/sites\/2\/2013\/11\/DSC08528-300x168.jpg 300w, https:\/\/www.ambienteyenergia.gob.ec\/ambiente\/wp-content\/uploads\/sites\/2\/2013\/11\/DSC08528-500x281.jpg 500w\" sizes=\"auto, (max-width: 650px) 100vw, 650px\" \/><\/a><\/p>\n<p>&nbsp;<\/p>\n<p>&nbsp;<\/p>\n","protected":false},"excerpt":{"rendered":"<p class=\"excerpt\">Reuni\u00f3n bilateral entre Ministra de Ambiente de Ecuador y Viceministro de Ambiente de Per\u00fa La Ministra de Ambiente de Ecuador, Lorena Tapia, se reuni\u00f3 con su hom\u00f3logo peruano, Manuel Pulgar, este viernes 22 de noviembre en el marco de la COP19 (Conferencia de las Partes de la Convenci\u00f3n Marco de Naciones Unidas para el Cambio Clim\u00e1tico), que se desarroll\u00f3 en&hellip; <a href=\"https:\/\/www.ambienteyenergia.gob.ec\/ambiente\/reunion-bilateral-entre-ministra-de-ambiente-de-ecuador-y-ministro-de-ambiente-de-peru\/\">Read more &rarr;<\/a><\/p>\n","protected":false},"author":13,"featured_media":0,"comment_status":"open","ping_status":"open","sticky":false,"template":"","format":"standard","meta":{"footnotes":""},"categories":[4],"tags":[],"class_list":["post-16971","post","type-post","status-publish","format-standard","hentry","category-noticias","xfolkentry"],"_links":{"self":[{"href":"https:\/\/www.ambienteyenergia.gob.ec\/ambiente\/wp-json\/wp\/v2\/posts\/16971","targetHints":{"allow":["GET"]}}],"collection":[{"href":"https:\/\/www.ambienteyenergia.gob.ec\/ambiente\/wp-json\/wp\/v2\/posts"}],"about":[{"href":"https:\/\/www.ambienteyenergia.gob.ec\/ambiente\/wp-json\/wp\/v2\/types\/post"}],"author":[{"embeddable":true,"href":"https:\/\/www.ambienteyenergia.gob.ec\/ambiente\/wp-json\/wp\/v2\/users\/13"}],"replies":[{"embeddable":true,"href":"https:\/\/www.ambienteyenergia.gob.ec\/ambiente\/wp-json\/wp\/v2\/comments?post=16971"}],"version-history":[{"count":0,"href":"https:\/\/www.ambienteyenergia.gob.ec\/ambiente\/wp-json\/wp\/v2\/posts\/16971\/revisions"}],"wp:attachment":[{"href":"https:\/\/www.ambienteyenergia.gob.ec\/ambiente\/wp-json\/wp\/v2\/media?parent=16971"}],"wp:term":[{"taxonomy":"category","embeddable":true,"href":"https:\/\/www.ambienteyenergia.gob.ec\/ambiente\/wp-json\/wp\/v2\/categories?post=16971"},{"taxonomy":"post_tag","embeddable":true,"href":"https:\/\/www.ambienteyenergia.gob.ec\/ambiente\/wp-json\/wp\/v2\/tags?post=16971"}],"curies":[{"name":"wp","href":"https:\/\/api.w.org\/{rel}","templated":true}]}}