{"id":16962,"date":"2013-11-25T13:52:07","date_gmt":"2013-11-25T18:52:07","guid":{"rendered":"http:\/\/www.ambiente.gob.ec\/?p=16962"},"modified":"2013-11-25T15:18:56","modified_gmt":"2013-11-25T20:18:56","slug":"el-zoologico-de-quito-esperara-hasta-el-jueves-28-de-noviembre-para-analizar-el-huevo-de-los-condores-auki-y-kawsay","status":"publish","type":"post","link":"https:\/\/www.ambienteyenergia.gob.ec\/ambiente\/el-zoologico-de-quito-esperara-hasta-el-jueves-28-de-noviembre-para-analizar-el-huevo-de-los-condores-auki-y-kawsay\/","title":{"rendered":"El Zool\u00f3gico de Quito esperar\u00e1 hasta el jueves 28 de noviembre para analizar el huevo de los c\u00f3ndores Auki y Kawsay"},"content":{"rendered":"<p style=\"text-align: justify;\">La Fundaci\u00f3n Zool\u00f3gica del Ecuador informa que esperar\u00e1 hasta el jueves 28 del presente mes como plazo m\u00e1ximo para que se produzca la eclosi\u00f3n natural del huevo de C\u00f3ndor Andino que est\u00e1 siendo incubado por la pareja conformada por \u201cAuki\u201d (el macho) y \u201cKawsay\u201d (la hembra), cuyo monitoreo ha podido ser seguido por millares de personas que se han conectado a la se\u00f1al on-line en vivo que se transmite por las p\u00e1ginas <a href=\"http:\/\/www.quitozoo.org\/\">www.quitozoo.org<\/a> <a href=\"http:\/\/www.amalavida.tv\/\">www.amalavida.tv<\/a>\u00a0 y <a href=\"http:\/\/www.ambienteyenergia.gob.ec\/ambiente\/\">www.ambiente.gob,ec<\/a>.<\/p>\n<p style=\"text-align: justify;\">\u201cEl comportamiento de ambos padres en torno al cuidado del huevo en el nido no muestra ninguna alteraci\u00f3n; se ha dado sin contratiempos y no se advierten se\u00f1ales que indiquen que se trate de un huevo inf\u00e9rtil o que el embri\u00f3n que pueda contener haya muerto, pues es esos casos los padres ya lo habr\u00edan desechado; ellos advierten si las pulsaciones del embri\u00f3n cesan y no continuar\u00edan invirtiendo tiempo y energ\u00eda en seguir incub\u00e1ndolo\u201d dijo el Director del Zool\u00f3gico de Quito en Guayllabamba, Juan Manuel Carri\u00f3n.<\/p>\n<p style=\"text-align: justify;\">\u00a0A\u00f1adio, adem\u00e1s, que han decidido esperar hasta el jueves; \u00absi hasta entonces la eclosi\u00f3n no se ha producido retiraremos el huevo del nido para someterlo a un r\u00e1pido examen que nos permita conocer el estado de su interior. De confirmarse la presencia de un embri\u00f3n vivo abriremos parcialmente el huevo y lo regresaremos para que los padres terminen el proceso. Todo esto en un operativo r\u00e1pido, distrayendo a los padres y retirando el huevo sin tocarlo, utilizando un brazo extensible que manipularemos desde el interior del t\u00fanel en el que est\u00e1n colocadas las c\u00e1maras de monitoreo\u201d.<\/p>\n<p style=\"text-align: justify;\">El m\u00e9dico veterinario del Zool\u00f3gico, Dr. Pablo Arias, explic\u00f3 que el examen a practicar es una ovoscop\u00eda, que consiste en mirar el huevo a contraluz en una c\u00e1mara que aloja un halo luminoso potente; de esa manera se observa la vascularizaci\u00f3n del interior y la existencia de c\u00e1maras de aire o la presencia del embri\u00f3n. Esta medida que se adoptar\u00e1 si nada sucede hasta el jueves 28, ha sido consultada y discutida con especialistas nacionales y extranjeros que la confirman como el proceder m\u00e1s adecuado.<\/p>\n<p style=\"text-align: justify;\">\u201cIndependientemente del desenlace que esta nueva incubaci\u00f3n a cargo de nuestra pareja de c\u00f3ndores tenga, el hecho de que tanta gente haya estado pendiente de este proceso natural y se de cuenta de todas las complejidades que en torno al manejo reproductivo ex \u2013 situ existen, consideramos como altamente positivo el haber dado a conocer, ampliamente mediante el seguimiento de una se\u00f1al on-line en vivo, c\u00f3mo es la anidaci\u00f3n de los c\u00f3ndores. Esto ayuda a que conozcamos mejor a nuestra ave s\u00edmbolo nacional y nos ha permitido desarrollar nuevas herramientas de educaci\u00f3n ambiental\u201d, se\u00f1al\u00f3 la Directora de Educaci\u00f3n del Zool\u00f3gico de Quito, Dra. Fabiola Carvajal.<\/p>\n<p style=\"text-align: justify;\"><strong>Estrategia de conservaci\u00f3n del C\u00f3ndor Andino (Vultur gryphus) en Ecuador<\/strong><\/p>\n<p style=\"text-align: justify;\">El programa de reproducci\u00f3n en cautiverio que se ha realizado con Auki y Kawsay se enmarca en las acciones de la Estrategia de Conservaci\u00f3n del C\u00f3ndor Andino,\u00a0 ejecutada por el Grupo Nacional de Trabajo sobre el C\u00f3ndor Andino, con la coordinaci\u00f3n y liderazgo del Ministerio del Ambiente del Ecuador (MAE), para proteger y conservar a este especie, para evitar su desaparici\u00f3n. Seg\u00fan el \u00faltimo censo, en el pa\u00eds existen 50 ejemplares en estado silvestre y 19 en cautiverio.<\/p>\n<p style=\"text-align: justify;\">La Estrategia est\u00e1 dividida en los Programas de Manejo de Educaci\u00f3n, Difusi\u00f3n, Informaci\u00f3n, Capacitaci\u00f3n y Comunicaci\u00f3n; de Investigaci\u00f3n y de Conservaci\u00f3n. Es ejecutada por el Grupo Nacional de Trabajo sobre el C\u00f3ndor Andino, el cual es liderado por esta Cartera de Estado.<\/p>\n<p style=\"text-align: justify;\">Entre los principales ejes de trabajo del Grupo, est\u00e1n la ejecuci\u00f3n de censos y monitoreos dentro y fuera del Sistema Nacional de \u00c1reas Protegidas, fortalecimiento del control y monitoreo en las zonas mencionadas, a trav\u00e9s de la capacitaci\u00f3n a guardaparques, campa\u00f1as de sensibilizaci\u00f3n y educaci\u00f3n en lugares de avistamiento de c\u00f3ndores, gu\u00eda para el Mantenimiento Ex Situ del c\u00f3ndor en centros de rescate y zool\u00f3gicos, promover la realizaci\u00f3n de investigaciones sobre la ecolog\u00eda, biolog\u00eda y comportamiento del animal.<\/p>\n<p style=\"text-align: justify;\"><strong>El dato<\/strong><\/p>\n<p style=\"text-align: justify;\">El c\u00f3ndor est\u00e1 considerado como una especie en Peligro Cr\u00edtico de Extinci\u00f3n, dentro del Libro Rojo de Aves del Ecuador, y registrado en el Ap\u00e9ndice I de la Convenci\u00f3n sobre el Comercio Internacional de Especies Amenazadas de Fauna y Flora Silvestres (CITES), lo que significa que su comercializaci\u00f3n est\u00e1 prohibida.<\/p>\n<p style=\"text-align: justify;\"><a href=\"http:\/\/www.amalavida.tv\/\">Sigue en vivo el nacimiento de un nuevo C\u00f3ndor<\/a><\/p>\n","protected":false},"excerpt":{"rendered":"<p class=\"excerpt\">La Fundaci\u00f3n Zool\u00f3gica del Ecuador informa que esperar\u00e1 hasta el jueves 28 del presente mes como plazo m\u00e1ximo para que se produzca la eclosi\u00f3n natural del huevo de C\u00f3ndor Andino que est\u00e1 siendo incubado por la pareja conformada por \u201cAuki\u201d (el macho) y \u201cKawsay\u201d (la hembra), cuyo monitoreo ha podido ser seguido por millares de personas que se han conectado&hellip; <a href=\"https:\/\/www.ambienteyenergia.gob.ec\/ambiente\/el-zoologico-de-quito-esperara-hasta-el-jueves-28-de-noviembre-para-analizar-el-huevo-de-los-condores-auki-y-kawsay\/\">Read more &rarr;<\/a><\/p>\n","protected":false},"author":13,"featured_media":16963,"comment_status":"open","ping_status":"open","sticky":false,"template":"","format":"standard","meta":{"footnotes":""},"categories":[16,4],"tags":[],"class_list":["post-16962","post","type-post","status-publish","format-standard","has-post-thumbnail","hentry","category-comunicamos","category-noticias","xfolkentry"],"_links":{"self":[{"href":"https:\/\/www.ambienteyenergia.gob.ec\/ambiente\/wp-json\/wp\/v2\/posts\/16962","targetHints":{"allow":["GET"]}}],"collection":[{"href":"https:\/\/www.ambienteyenergia.gob.ec\/ambiente\/wp-json\/wp\/v2\/posts"}],"about":[{"href":"https:\/\/www.ambienteyenergia.gob.ec\/ambiente\/wp-json\/wp\/v2\/types\/post"}],"author":[{"embeddable":true,"href":"https:\/\/www.ambienteyenergia.gob.ec\/ambiente\/wp-json\/wp\/v2\/users\/13"}],"replies":[{"embeddable":true,"href":"https:\/\/www.ambienteyenergia.gob.ec\/ambiente\/wp-json\/wp\/v2\/comments?post=16962"}],"version-history":[{"count":0,"href":"https:\/\/www.ambienteyenergia.gob.ec\/ambiente\/wp-json\/wp\/v2\/posts\/16962\/revisions"}],"wp:featuredmedia":[{"embeddable":true,"href":"https:\/\/www.ambienteyenergia.gob.ec\/ambiente\/wp-json\/wp\/v2\/media\/16963"}],"wp:attachment":[{"href":"https:\/\/www.ambienteyenergia.gob.ec\/ambiente\/wp-json\/wp\/v2\/media?parent=16962"}],"wp:term":[{"taxonomy":"category","embeddable":true,"href":"https:\/\/www.ambienteyenergia.gob.ec\/ambiente\/wp-json\/wp\/v2\/categories?post=16962"},{"taxonomy":"post_tag","embeddable":true,"href":"https:\/\/www.ambienteyenergia.gob.ec\/ambiente\/wp-json\/wp\/v2\/tags?post=16962"}],"curies":[{"name":"wp","href":"https:\/\/api.w.org\/{rel}","templated":true}]}}