{"id":16959,"date":"2013-11-25T09:06:55","date_gmt":"2013-11-25T14:06:55","guid":{"rendered":"http:\/\/www.ambiente.gob.ec\/?p=16959"},"modified":"2013-11-25T09:06:55","modified_gmt":"2013-11-25T14:06:55","slug":"mae-desarrollo-el-taller-nacional-de-recursos-geneticos-asociados-a-los-conocimientos-tradicionales-de-los-pueblos-indigenas-y-comunidades-locales-en-chimborazo","status":"publish","type":"post","link":"https:\/\/www.ambienteyenergia.gob.ec\/ambiente\/mae-desarrollo-el-taller-nacional-de-recursos-geneticos-asociados-a-los-conocimientos-tradicionales-de-los-pueblos-indigenas-y-comunidades-locales-en-chimborazo\/","title":{"rendered":"MAE desarroll\u00f3 el taller Nacional de Recursos Gen\u00e9ticos Asociados a los Conocimientos Tradicionales de los Pueblos Ind\u00edgenas y Comunidades Locales, en Chimborazo"},"content":{"rendered":"<p style=\"text-align: justify;\">El Ministerio del Ambiente del Ecuador (MAE), a trav\u00e9s de la Direcci\u00f3n Nacional de Biodiversidad en coordinaci\u00f3n con el Instituto Ecuatoriano de Propiedad Intelectual (IEPI), realiz\u00f3 el primer \u201cTaller Nacional de Recursos Gen\u00e9ticos Asociados a los Conocimientos Tradicionales de los Pueblos Ind\u00edgenas y Comunidades Locales\u201d, en la ciudad de Riobamba.<\/p>\n<p style=\"text-align: justify;\">El objetivo principal es socializar las iniciativas generadas por el Estado en materia de la protecci\u00f3n de los conocimientos tradicionales y saberes ancestrales vinculados a la biodiversidad y en particular con los recursos gen\u00e9ticos, as\u00ed como los procesos desarrollados a nivel regional e internacional.<\/p>\n<p style=\"text-align: justify;\">En este taller participan de l\u00edderes representantes de las organizaciones y pueblos ind\u00edgenas, afro-ecuatorianos y montubios del Ecuador, as\u00ed como organismos institucionales relacionados con este importante tema.<\/p>\n<p style=\"text-align: justify;\">El actividad busca generar un espacio de debate con los diversos representantes en materia de sus conocimientos tradicionales, saberes ancestrales, tomando en consideraci\u00f3n las diversas cosmovisiones de los pueblos y nacionalidades ind\u00edgenas cuyos resultados servir\u00e1n de base para una mejor articulaci\u00f3n en los procesos de normatividad orientado a la protecci\u00f3n de los conocimientos y saberes ancestrales asociados a los recursos gen\u00e9ticos.<\/p>\n<p style=\"text-align: justify;\">\n","protected":false},"excerpt":{"rendered":"<p class=\"excerpt\">El Ministerio del Ambiente del Ecuador (MAE), a trav\u00e9s de la Direcci\u00f3n Nacional de Biodiversidad en coordinaci\u00f3n con el Instituto Ecuatoriano de Propiedad Intelectual (IEPI), realiz\u00f3 el primer \u201cTaller Nacional de Recursos Gen\u00e9ticos Asociados a los Conocimientos Tradicionales de los Pueblos Ind\u00edgenas y Comunidades Locales\u201d, en la ciudad de Riobamba. El objetivo principal es socializar las iniciativas generadas por el&hellip; <a href=\"https:\/\/www.ambienteyenergia.gob.ec\/ambiente\/mae-desarrollo-el-taller-nacional-de-recursos-geneticos-asociados-a-los-conocimientos-tradicionales-de-los-pueblos-indigenas-y-comunidades-locales-en-chimborazo\/\">Read more &rarr;<\/a><\/p>\n","protected":false},"author":13,"featured_media":16960,"comment_status":"open","ping_status":"open","sticky":false,"template":"","format":"standard","meta":{"footnotes":""},"categories":[16,4],"tags":[],"class_list":["post-16959","post","type-post","status-publish","format-standard","has-post-thumbnail","hentry","category-comunicamos","category-noticias","xfolkentry"],"_links":{"self":[{"href":"https:\/\/www.ambienteyenergia.gob.ec\/ambiente\/wp-json\/wp\/v2\/posts\/16959","targetHints":{"allow":["GET"]}}],"collection":[{"href":"https:\/\/www.ambienteyenergia.gob.ec\/ambiente\/wp-json\/wp\/v2\/posts"}],"about":[{"href":"https:\/\/www.ambienteyenergia.gob.ec\/ambiente\/wp-json\/wp\/v2\/types\/post"}],"author":[{"embeddable":true,"href":"https:\/\/www.ambienteyenergia.gob.ec\/ambiente\/wp-json\/wp\/v2\/users\/13"}],"replies":[{"embeddable":true,"href":"https:\/\/www.ambienteyenergia.gob.ec\/ambiente\/wp-json\/wp\/v2\/comments?post=16959"}],"version-history":[{"count":0,"href":"https:\/\/www.ambienteyenergia.gob.ec\/ambiente\/wp-json\/wp\/v2\/posts\/16959\/revisions"}],"wp:featuredmedia":[{"embeddable":true,"href":"https:\/\/www.ambienteyenergia.gob.ec\/ambiente\/wp-json\/wp\/v2\/media\/16960"}],"wp:attachment":[{"href":"https:\/\/www.ambienteyenergia.gob.ec\/ambiente\/wp-json\/wp\/v2\/media?parent=16959"}],"wp:term":[{"taxonomy":"category","embeddable":true,"href":"https:\/\/www.ambienteyenergia.gob.ec\/ambiente\/wp-json\/wp\/v2\/categories?post=16959"},{"taxonomy":"post_tag","embeddable":true,"href":"https:\/\/www.ambienteyenergia.gob.ec\/ambiente\/wp-json\/wp\/v2\/tags?post=16959"}],"curies":[{"name":"wp","href":"https:\/\/api.w.org\/{rel}","templated":true}]}}