{"id":16956,"date":"2013-11-25T09:04:19","date_gmt":"2013-11-25T14:04:19","guid":{"rendered":"http:\/\/www.ambiente.gob.ec\/?p=16956"},"modified":"2013-11-25T09:04:19","modified_gmt":"2013-11-25T14:04:19","slug":"mae-impartio-taller-de-regularizacion-y-gestion-ambiental-de-desechos-peligros-a-cnt-en-imbabura","status":"publish","type":"post","link":"https:\/\/www.ambienteyenergia.gob.ec\/ambiente\/mae-impartio-taller-de-regularizacion-y-gestion-ambiental-de-desechos-peligros-a-cnt-en-imbabura\/","title":{"rendered":"MAE imparti\u00f3 taller de Regularizaci\u00f3n y Gesti\u00f3n Ambiental de Desechos Peligros a CNT, en Imbabura"},"content":{"rendered":"<p style=\"text-align: justify;\">El pasado 21 de noviembre, la Direcci\u00f3n Provincial del Ambiente de Imbabura a trav\u00e9s de la Unidad de Calidad Ambiental, imparti\u00f3 un Taller de <b><i>Regularizaci\u00f3n Ambiental, sobre el nuevo Sistema de Categorizaci\u00f3n Ambiental Nacional y sobre la gesti\u00f3n ambiental de desechos peligrosos<\/i><\/b> al personal de la Corporaci\u00f3n Nacional de Telecomunicaciones (CNT).<\/p>\n<p style=\"text-align: justify;\">El Ministerio del Ambiente del Ecuador (MAE) busca ejercer en forma eficaz y eficiente la legislaci\u00f3n ambiental vigente en el Ecuador, con el prop\u00f3sito de solucionar los problemas ambientales y promover la mejora continua en todos los procesos productivos mitigando la contaminaci\u00f3n ambiental.<\/p>\n<p style=\"text-align: justify;\">En este evento participaron 11 representantes de los diferentes departamentos\u00a0 de CNT, estableciendo un dialogo sobre la normativa ambiental vigente, licenciamiento ambiental y esclareciendo dudas e inquietudes manifestadas por parte de los part\u00edcipes.<\/p>\n<p style=\"text-align: justify;\">\n","protected":false},"excerpt":{"rendered":"<p class=\"excerpt\">El pasado 21 de noviembre, la Direcci\u00f3n Provincial del Ambiente de Imbabura a trav\u00e9s de la Unidad de Calidad Ambiental, imparti\u00f3 un Taller de Regularizaci\u00f3n Ambiental, sobre el nuevo Sistema de Categorizaci\u00f3n Ambiental Nacional y sobre la gesti\u00f3n ambiental de desechos peligrosos al personal de la Corporaci\u00f3n Nacional de Telecomunicaciones (CNT). El Ministerio del Ambiente del Ecuador (MAE) busca ejercer&hellip; <a href=\"https:\/\/www.ambienteyenergia.gob.ec\/ambiente\/mae-impartio-taller-de-regularizacion-y-gestion-ambiental-de-desechos-peligros-a-cnt-en-imbabura\/\">Read more &rarr;<\/a><\/p>\n","protected":false},"author":13,"featured_media":16957,"comment_status":"open","ping_status":"open","sticky":false,"template":"","format":"standard","meta":{"footnotes":""},"categories":[16,4],"tags":[],"class_list":["post-16956","post","type-post","status-publish","format-standard","has-post-thumbnail","hentry","category-comunicamos","category-noticias","xfolkentry"],"_links":{"self":[{"href":"https:\/\/www.ambienteyenergia.gob.ec\/ambiente\/wp-json\/wp\/v2\/posts\/16956","targetHints":{"allow":["GET"]}}],"collection":[{"href":"https:\/\/www.ambienteyenergia.gob.ec\/ambiente\/wp-json\/wp\/v2\/posts"}],"about":[{"href":"https:\/\/www.ambienteyenergia.gob.ec\/ambiente\/wp-json\/wp\/v2\/types\/post"}],"author":[{"embeddable":true,"href":"https:\/\/www.ambienteyenergia.gob.ec\/ambiente\/wp-json\/wp\/v2\/users\/13"}],"replies":[{"embeddable":true,"href":"https:\/\/www.ambienteyenergia.gob.ec\/ambiente\/wp-json\/wp\/v2\/comments?post=16956"}],"version-history":[{"count":0,"href":"https:\/\/www.ambienteyenergia.gob.ec\/ambiente\/wp-json\/wp\/v2\/posts\/16956\/revisions"}],"wp:featuredmedia":[{"embeddable":true,"href":"https:\/\/www.ambienteyenergia.gob.ec\/ambiente\/wp-json\/wp\/v2\/media\/16957"}],"wp:attachment":[{"href":"https:\/\/www.ambienteyenergia.gob.ec\/ambiente\/wp-json\/wp\/v2\/media?parent=16956"}],"wp:term":[{"taxonomy":"category","embeddable":true,"href":"https:\/\/www.ambienteyenergia.gob.ec\/ambiente\/wp-json\/wp\/v2\/categories?post=16956"},{"taxonomy":"post_tag","embeddable":true,"href":"https:\/\/www.ambienteyenergia.gob.ec\/ambiente\/wp-json\/wp\/v2\/tags?post=16956"}],"curies":[{"name":"wp","href":"https:\/\/api.w.org\/{rel}","templated":true}]}}