{"id":16947,"date":"2013-11-25T08:52:29","date_gmt":"2013-11-25T13:52:29","guid":{"rendered":"http:\/\/www.ambiente.gob.ec\/?p=16947"},"modified":"2013-11-25T08:52:29","modified_gmt":"2013-11-25T13:52:29","slug":"mae-bolivar-participo-en-stand-por-la-campana-del-musgo","status":"publish","type":"post","link":"https:\/\/www.ambienteyenergia.gob.ec\/ambiente\/mae-bolivar-participo-en-stand-por-la-campana-del-musgo\/","title":{"rendered":"MAE Bol\u00edvar participo en stand por la Campa\u00f1a del musgo"},"content":{"rendered":"<p style=\"text-align: justify;\">El jueves 21 de noviembre del presente a\u00f1o, el Ministerio del Ambiente (MAE) particip\u00f3 en un stand demostrativo, donde present\u00f3 la campa\u00f1a: \u201cNO ARRANQUES LA PIEL DE LOS BOSQUES\u201d, para concienciar a la poblaci\u00f3n sobre la importancia de estos recursos, actividad que requiere de la participaci\u00f3n de toda la ciudadan\u00eda.\u00a0 Esta actividad se realiz\u00f3 en el parque central del cant\u00f3n San Miguel,\u00a0 para informar\u00a0 a la poblaci\u00f3n en general y solicitar el apoyo a esta iniciativa tanto en la difusi\u00f3n como en el NO uso de estas especies.<\/p>\n<p style=\"text-align: justify;\">Los musgos cumplen un rol dentro de la din\u00e1mica de los bosques, como mantener la humedad, detener la erosi\u00f3n, interceptar la lluvia, absorber los contaminantes del aire y favorecer al desarrollo de muchas plantas y animales. Son irreemplazables en los ecosistemas protegen los suelos desnudos, cubren las rocas, brindan condiciones \u00f3ptimas de humedad y nutrientes para que germinen y se desarrollen otras semillas.<\/p>\n<p style=\"text-align: justify;\">\n<p style=\"text-align: justify;\">Por ello, se solicita a los vendedores que ya no adquieran el musgo, l\u00edquenes y briofitas para comercializarlo sino que tomen en cuenta el impacto ambiental que esto causa y porque a trav\u00e9s de los operativos la planta ser\u00e1 decomisada lo que generar\u00e1 p\u00e9rdidas econ\u00f3micas para los mercaderes.<\/p>\n<p style=\"text-align: justify;\">Se sugiere a la colectividad utilizar otras opciones para la elaboraci\u00f3n de los pesebres entre ellas material reciclado como: cart\u00f3n, papel, aserr\u00edn, arena, c\u00e1scara de huevo. Tambi\u00e9n puede usar el llamado papel c\u00e9sped que tiene pegado viruta de madera pintada de verde.<\/p>\n<p style=\"text-align: justify;\">\n","protected":false},"excerpt":{"rendered":"<p class=\"excerpt\">El jueves 21 de noviembre del presente a\u00f1o, el Ministerio del Ambiente (MAE) particip\u00f3 en un stand demostrativo, donde present\u00f3 la campa\u00f1a: \u201cNO ARRANQUES LA PIEL DE LOS BOSQUES\u201d, para concienciar a la poblaci\u00f3n sobre la importancia de estos recursos, actividad que requiere de la participaci\u00f3n de toda la ciudadan\u00eda.\u00a0 Esta actividad se realiz\u00f3 en el parque central del cant\u00f3n&hellip; <a href=\"https:\/\/www.ambienteyenergia.gob.ec\/ambiente\/mae-bolivar-participo-en-stand-por-la-campana-del-musgo\/\">Read more &rarr;<\/a><\/p>\n","protected":false},"author":13,"featured_media":16948,"comment_status":"open","ping_status":"open","sticky":false,"template":"","format":"standard","meta":{"footnotes":""},"categories":[16,4],"tags":[],"class_list":["post-16947","post","type-post","status-publish","format-standard","has-post-thumbnail","hentry","category-comunicamos","category-noticias","xfolkentry"],"_links":{"self":[{"href":"https:\/\/www.ambienteyenergia.gob.ec\/ambiente\/wp-json\/wp\/v2\/posts\/16947","targetHints":{"allow":["GET"]}}],"collection":[{"href":"https:\/\/www.ambienteyenergia.gob.ec\/ambiente\/wp-json\/wp\/v2\/posts"}],"about":[{"href":"https:\/\/www.ambienteyenergia.gob.ec\/ambiente\/wp-json\/wp\/v2\/types\/post"}],"author":[{"embeddable":true,"href":"https:\/\/www.ambienteyenergia.gob.ec\/ambiente\/wp-json\/wp\/v2\/users\/13"}],"replies":[{"embeddable":true,"href":"https:\/\/www.ambienteyenergia.gob.ec\/ambiente\/wp-json\/wp\/v2\/comments?post=16947"}],"version-history":[{"count":0,"href":"https:\/\/www.ambienteyenergia.gob.ec\/ambiente\/wp-json\/wp\/v2\/posts\/16947\/revisions"}],"wp:featuredmedia":[{"embeddable":true,"href":"https:\/\/www.ambienteyenergia.gob.ec\/ambiente\/wp-json\/wp\/v2\/media\/16948"}],"wp:attachment":[{"href":"https:\/\/www.ambienteyenergia.gob.ec\/ambiente\/wp-json\/wp\/v2\/media?parent=16947"}],"wp:term":[{"taxonomy":"category","embeddable":true,"href":"https:\/\/www.ambienteyenergia.gob.ec\/ambiente\/wp-json\/wp\/v2\/categories?post=16947"},{"taxonomy":"post_tag","embeddable":true,"href":"https:\/\/www.ambienteyenergia.gob.ec\/ambiente\/wp-json\/wp\/v2\/tags?post=16947"}],"curies":[{"name":"wp","href":"https:\/\/api.w.org\/{rel}","templated":true}]}}