{"id":16939,"date":"2013-11-23T23:08:26","date_gmt":"2013-11-24T04:08:26","guid":{"rendered":"http:\/\/www.ambiente.gob.ec\/?p=16939"},"modified":"2013-11-25T18:29:12","modified_gmt":"2013-11-25T23:29:12","slug":"gobierno-nacional-decide-ampliar-decreto-de-excepcion-en-la-provincia-de-esmeraldas","status":"publish","type":"post","link":"https:\/\/www.ambienteyenergia.gob.ec\/ambiente\/gobierno-nacional-decide-ampliar-decreto-de-excepcion-en-la-provincia-de-esmeraldas\/","title":{"rendered":"Gobierno Nacional decide ampliar Decreto de Excepci\u00f3n en la provincia de Esmeraldas"},"content":{"rendered":"<p style=\"text-align: justify;\">Tras 60 d\u00edas del Estado de Excepci\u00f3n en la Provincia de Esmeradas, el Gobierno Nacional\u00a0decidi\u00f3 extender la medida para fortalecer el control y reducir la tala ilegal, cuidando el\u00a0patrimonio natural de Esmeraldas y todo el pa\u00eds. La decisi\u00f3n se toma tras una evaluaci\u00f3n de\u00a0los resultados de la medida.<\/p>\n<p style=\"text-align: justify;\">El Estado de Excepci\u00f3n tiene como objetivo, adem\u00e1s, fomentar un aprovechamiento forestal\u00a0sostenible en la provincia con la tasa de deforestaci\u00f3n m\u00e1s alta del pa\u00eds. Durante el Estado de\u00a0Excepci\u00f3n se prohibi\u00f3 la emisi\u00f3n de permisos de tala en bosque nativo y la renovaci\u00f3n de los\u00a0existentes en la provincia. Adem\u00e1s, se est\u00e1 realizado una auditor\u00eda a todos los permisos de\u00a0tala en el bosque nativo otorgados por esta cartera de Estado, a trav\u00e9s de una empresa experta en estos procesos.<\/p>\n<p style=\"text-align: justify;\"><strong>Resultados de los 60 d\u00edas del Estado de Excepci\u00f3n<\/strong><\/p>\n<p style=\"text-align: justify;\">La medida, solicitada por la M\u00e1xima Autoridad Ambiental, logr\u00f3 sus objetivos de fortalecer el\u00a0control de la movilizaci\u00f3n de madera con puestos fijos y m\u00f3viles estrat\u00e9gicamente ubicados,\u00a0decomiso de madera ilegal, ubicaci\u00f3n y georreferenciaci\u00f3n de zonas de tala ilegal, adem\u00e1s,\u00a0focalizar incentivos para un aprovechamiento forestal sostenible (Socio Bosque), concienciar\u00a0a la ciudadan\u00eda de la importancia de cuidar los bosques, as\u00ed como tambi\u00e9n de implementar el\u00a0primer sistema de monitoreo y control con tecnolog\u00eda de punta.<\/p>\n<p style=\"text-align: justify;\">Entre los datos que destacan del informe, est\u00e1 que el 100 % de los programas de\u00a0aprovechamiento aprobados por el Ministerio del Ambiente hasta el a\u00f1o 2013 fue verificado.\u00a0Las acciones aplicadas por el MAE buscaron establecer protocolos de trazabilidad de la\u00a0madera desde el origen hasta el consumidor final. Es decir, la verificaci\u00f3n de la madera en\u00a0carpinter\u00edas, aserraderos, empresas. Los resultados de este proceso permiten a la Autoridad\u00a0Ambiental iniciar acciones administrativas amparadas en el marco normativo vigente. \u00abEl\u00a0Ministerio del Ambiente ha incidido en todos y cada uno de los eslabones de la cadena\u00a0de valor de la madera con sus respectivos actores, evidenci\u00e1ndose la integralidad de esta\u00a0medida\u00bb, recalca la Ministra del Ambiente, Lorena Tapia.<\/p>\n<p style=\"text-align: justify;\">Agreg\u00f3 que la moratoria al aprovechamiento forestal en bosque nativo y de regeneraci\u00f3n\u00a0natural adoptada por el Gobierno Nacional permiti\u00f3 consolidar a la autoridad p\u00fablica sobre\u00a0un sector estrat\u00e9gico en la matriz productiva del pa\u00eds y que requiere una intervenci\u00f3n decidida\u00a0del Estado, no solo para regularlo y controlarlo, sino para fomentar pr\u00e1cticas sostenibles de\u00a0manejo forestal. La Ministra Lorena Tapia recalca que la prioridad para el MAE no es solo\u00a0garantizar el aprovechamiento legal de la madera, sino fomentar el manejo forestal sostenible,\u00a0as\u00ed como beneficiar de manera directa de esta actividad productiva a los propietarios de los\u00a0bosques, estableciendo relaciones equitativas entre ejecutores de programas y los due\u00f1os del\u00a0bosque.<\/p>\n<p style=\"text-align: justify;\">Otro de los objetivos fue focalizar el incentivo del programa Socio Bosque, que inicialmente\u00a0ten\u00eda fines exclusivos de conservaci\u00f3n pero actualmente procura asesorar, capacitar, y\u00a0concientizar el manejo forestal responsable, a trav\u00e9s de entendimientos comunitarios.<\/p>\n<p style=\"text-align: justify;\"><strong>Tecnolog\u00eda para el control y monitoreo forestal<\/strong><\/p>\n<p style=\"text-align: justify;\">El Ministerio del Ambiente cuenta con un sistema tecnificado de control, con cinco nuevos\u00a0puestos de control fijo en Alto Tambo (San Lorenzo), Golondrinas (Quinind\u00e9), El Mango\u00a0(Muisne), Camarones (Esmeraldas) y La Marujita (Quininde). Adicionalmente, se identific\u00f3\u00a0las rutas posibles para la movilizaci\u00f3n de madera de forma ilegal para lo cual se aplicaron\u00a0protocolos de control y vigilancia en todas las rutas de la provincia.<\/p>\n<p style=\"text-align: justify;\"><strong><span style=\"color: #000000;\">Sistema de monitoreo y control de la deforestaci\u00f3n para \u00e1reas protegidas<\/span><\/strong><\/p>\n<p style=\"text-align: justify;\">El Ministerio del Ambiente est\u00e1 implementando el primer sistema de monitoreo y control\u00a0de la deforestaci\u00f3n en el pa\u00eds. Este proceso arranc\u00f3 con la delimitaci\u00f3n de todas las \u00e1reas\u00a0protegidas y la zonificaci\u00f3n de las mismas. Hasta el momento se han adquirido im\u00e1genes\u00a0satelitales para an\u00e1lisis multitemporales y an\u00e1lisis cartogr\u00e1ficos espec\u00edficos. Adem\u00e1s, se\u00a0cuenta con instrumentos que complementan el monitoreo en funci\u00f3n de la zonificaci\u00f3n y\u00a0de las im\u00e1genes. Con esto se espera reducir significativamente la deforestaci\u00f3n en \u00e1reas\u00a0protegidas.<\/p>\n<p style=\"text-align: justify;\"><strong>Procesos administrativos<\/strong><\/p>\n<p style=\"text-align: justify;\">Es importante recalcar que al 22 de noviembre se han iniciado 206 causas a los diferentes\u00a0actores que han incumplido varios aspectos establecidos en la normativa ambiental vigente.\u00a0Del total de las causas iniciadas, 67 corresponden a ejecutores, 58 a propietarios, 41 a\u00a0regentes y 36 por movilizaci\u00f3n de madera ilegal, y 4 por tenencia de madera ilegal en centros\u00a0de acopio.<\/p>\n<p style=\"text-align: justify;\"><strong>Operativos para el decomiso de madera<\/strong><\/p>\n<p style=\"text-align: justify;\">Otra de las estrategias para reducir la tala ilegal de madera fueron los siete operativos a\u00a0centros de acopio. Para esto se trabaj\u00f3 con informes de inteligencia en los puntos previamente\u00a0identificados, los mismos que evidenciaban el origen ilegal de la madera. Estos operativos\u00a0fueron liderados por el Ministerio del Ambiente con el apoyo total de Fuerzas Armadas,\u00a0Polic\u00eda y delegados de la Fiscal\u00eda. Estos operativos permitieron institucionalizar la presencia\u00a0del Estado en zonas que antes eran impenetrables.<\/p>\n<p style=\"text-align: justify;\">Para ampliar esta informaci\u00f3n y explicar el justificativo de la ampliaci\u00f3n del Decreto de\u00a0Excepci\u00f3n en Esmeraldas y difundir los resultados obtenidos en estos 60 d\u00edas del Estado de\u00a0Excepci\u00f3n, la Ministra Lorena Tapia dar\u00e1 una rueda de prensa en los pr\u00f3ximos d\u00edas.<\/p>\n<p style=\"text-align: justify;\">Extensi\u00f3n del Decreto:<\/p>\n<p style=\"text-align: justify;\">Esta medida se renueva con el fin de hacer cesar las actividades de aprovechamiento forestal en bosque nativo y de regeneraci\u00f3n natural que se vienen desarrollando de manera irregular, de esta forma garantizar la permanencia en el tiempo de los servicios ecosist\u00e9micos que brindan los bosques y que benefician a la colectividad al acceso a un ambiente sano conforme lo dispone la Constituci\u00f3n de la Rep\u00fablica, por lo que, se debe intervenir con suma urgencia para no mantener la situaci\u00f3n que podr\u00eda generar una grave conmoci\u00f3n interna en la referida provincia.<\/p>\n<p style=\"text-align: justify;\">\n<p style=\"text-align: justify;\">Para superar esta situaci\u00f3n la Presidencia de la Rep\u00fablica dispuso que el Ministerio de Defensa Nacional y del Interior para que mediante el Comandando Conjunto de las Fuerzas Armadas y la Polic\u00eda Nacional elaboren y ejecuten un plan de contingencia con la finalidad de que sus efectivos intervengan brindando apoyo en las actividades de control y vigilancia necesarias para el cumplimiento de los objetivos que motivan esta renovaci\u00f3n de Estado de Excepci\u00f3n y garantizar las condiciones de seguridad necesarias para los funcionarios p\u00fablicos que intervengan en este proceso; as\u00ed como, garantizar la seguridad interna, ciudadana y derechos tutelados por la Constituci\u00f3n de la Rep\u00fablica.<\/p>\n<p style=\"text-align: justify;\">En el \u00e1mbito de aplicaci\u00f3n territorial es la provincia de Esmeraldas. El periodo de duraci\u00f3n de esta renovaci\u00f3n de Estado de Excepci\u00f3n es de treinta (30) d\u00edas a partir de la suscripci\u00f3n del presente Decreto Ejecutivo.<\/p>\n<p style=\"text-align: justify;\">\n<p style=\"text-align: justify;\">\n<p style=\"text-align: justify;\"><a href=\"http:\/\/www.ambienteyenergia.gob.ec\/ambiente\/wp-content\/uploads\/downloads\/2013\/11\/pdf.pdf\">Decreto de Excepci\u00f3n<\/a><\/p>\n","protected":false},"excerpt":{"rendered":"<p class=\"excerpt\">Tras 60 d\u00edas del Estado de Excepci\u00f3n en la Provincia de Esmeradas, el Gobierno Nacional\u00a0decidi\u00f3 extender la medida para fortalecer el control y reducir la tala ilegal, cuidando el\u00a0patrimonio natural de Esmeraldas y todo el pa\u00eds. La decisi\u00f3n se toma tras una evaluaci\u00f3n de\u00a0los resultados de la medida. El Estado de Excepci\u00f3n tiene como objetivo, adem\u00e1s, fomentar un aprovechamiento forestal\u00a0sostenible&hellip; <a href=\"https:\/\/www.ambienteyenergia.gob.ec\/ambiente\/gobierno-nacional-decide-ampliar-decreto-de-excepcion-en-la-provincia-de-esmeraldas\/\">Read more &rarr;<\/a><\/p>\n","protected":false},"author":13,"featured_media":16259,"comment_status":"open","ping_status":"open","sticky":false,"template":"","format":"standard","meta":{"footnotes":""},"categories":[16,4],"tags":[55,333,108,53],"class_list":["post-16939","post","type-post","status-publish","format-standard","has-post-thumbnail","hentry","category-comunicamos","category-noticias","tag-esmeraldas","tag-estado-de-excepcion","tag-lorena-tapia","tag-mae","xfolkentry"],"_links":{"self":[{"href":"https:\/\/www.ambienteyenergia.gob.ec\/ambiente\/wp-json\/wp\/v2\/posts\/16939","targetHints":{"allow":["GET"]}}],"collection":[{"href":"https:\/\/www.ambienteyenergia.gob.ec\/ambiente\/wp-json\/wp\/v2\/posts"}],"about":[{"href":"https:\/\/www.ambienteyenergia.gob.ec\/ambiente\/wp-json\/wp\/v2\/types\/post"}],"author":[{"embeddable":true,"href":"https:\/\/www.ambienteyenergia.gob.ec\/ambiente\/wp-json\/wp\/v2\/users\/13"}],"replies":[{"embeddable":true,"href":"https:\/\/www.ambienteyenergia.gob.ec\/ambiente\/wp-json\/wp\/v2\/comments?post=16939"}],"version-history":[{"count":0,"href":"https:\/\/www.ambienteyenergia.gob.ec\/ambiente\/wp-json\/wp\/v2\/posts\/16939\/revisions"}],"wp:featuredmedia":[{"embeddable":true,"href":"https:\/\/www.ambienteyenergia.gob.ec\/ambiente\/wp-json\/wp\/v2\/media\/16259"}],"wp:attachment":[{"href":"https:\/\/www.ambienteyenergia.gob.ec\/ambiente\/wp-json\/wp\/v2\/media?parent=16939"}],"wp:term":[{"taxonomy":"category","embeddable":true,"href":"https:\/\/www.ambienteyenergia.gob.ec\/ambiente\/wp-json\/wp\/v2\/categories?post=16939"},{"taxonomy":"post_tag","embeddable":true,"href":"https:\/\/www.ambienteyenergia.gob.ec\/ambiente\/wp-json\/wp\/v2\/tags?post=16939"}],"curies":[{"name":"wp","href":"https:\/\/api.w.org\/{rel}","templated":true}]}}