{"id":16936,"date":"2013-11-22T18:39:36","date_gmt":"2013-11-22T23:39:36","guid":{"rendered":"http:\/\/www.ambiente.gob.ec\/?p=16936"},"modified":"2013-11-22T18:39:36","modified_gmt":"2013-11-22T23:39:36","slug":"nueva-retencion-de-madera-en-centros-de-comercializacion-de-esmeraldas","status":"publish","type":"post","link":"https:\/\/www.ambienteyenergia.gob.ec\/ambiente\/nueva-retencion-de-madera-en-centros-de-comercializacion-de-esmeraldas\/","title":{"rendered":"Nueva retenci\u00f3n de madera en centros de comercializaci\u00f3n de Esmeraldas"},"content":{"rendered":"<p style=\"text-align: justify;\">El Ministerio del Ambiente (MAE) a trav\u00e9s de su Direcci\u00f3n Provincial de Esmeraldas y cumpliendo con el Decreto de Excepci\u00f3n Forestal No. 116 realiz\u00f3 el d\u00eda de hoy una nueva retenci\u00f3n de madera en varios centros de comercializaci\u00f3n de la ciudad de Esmeraldas.<\/p>\n<p style=\"text-align: justify;\">Narcisa C\u00e1rdenas, Directora Provincial del MAE, estuvo a cargo del operativo acompa\u00f1ada de t\u00e9cnicos ambientales con el respaldo de las Fuerzas Armadas y la Polic\u00eda Nacional. La madera retenida fue encontrada en locales comerciales ubicados en el sector de La Platanera, en la avenida Pedro Vicente Maldonado (Malec\u00f3n).<\/p>\n<p style=\"text-align: justify;\">Se logr\u00f3 transportar la madera en cuatro camiones trailers hasta el patio El Laurel, ubicado en la v\u00eda a la Refiner\u00eda de Esmeraldas. Asimismo en Borb\u00f3n, ubicado al norte de la provincia, la Polic\u00eda y Fuerzas Armadas activaron un operativo de seguridad, luego de que un peque\u00f1o grupo de madereros intent\u00f3 evitar la retenci\u00f3n de madera en dos centros de acopio de este poblado.<\/p>\n<p style=\"text-align: justify;\">Reportes de los comandantes de este operativo especial, Marlon Jim\u00e9nez, de la Polic\u00eda sectorial de San Lorenzo y Jorge Zambrano, del Comando Naval de Operaciones Norte (Coopno), reportaron que el grupo de madereros trataron de evitar que se lleven la madera de este local. En este caso el allanamiento lo estaba cumpliendo Marlon Ramos, Agente Fiscal asignado por el Ministerio P\u00fablico.<\/p>\n<p style=\"text-align: justify;\">Polic\u00edas y militares fueron agredidos como el caso del comandante Jorge Zambrano del Comando Naval de Operaciones Norte, que recibi\u00f3 un golpe en la cabeza con un tabl\u00f3n de madera al igual que el coordinador del MAE, Fernando D\u00edaz y el oficial de Polic\u00eda sectorial de Esmeraldas Jorge Jim\u00e9nez. Este mismo grupo de comerciantes intent\u00f3 provocar desmanes en otros operativos de retenci\u00f3n de madera ilegal en los centros de acopio de Punta de Piedra, en octubre pasado.<\/p>\n","protected":false},"excerpt":{"rendered":"<p class=\"excerpt\">El Ministerio del Ambiente (MAE) a trav\u00e9s de su Direcci\u00f3n Provincial de Esmeraldas y cumpliendo con el Decreto de Excepci\u00f3n Forestal No. 116 realiz\u00f3 el d\u00eda de hoy una nueva retenci\u00f3n de madera en varios centros de comercializaci\u00f3n de la ciudad de Esmeraldas. Narcisa C\u00e1rdenas, Directora Provincial del MAE, estuvo a cargo del operativo acompa\u00f1ada de t\u00e9cnicos ambientales con el&hellip; <a href=\"https:\/\/www.ambienteyenergia.gob.ec\/ambiente\/nueva-retencion-de-madera-en-centros-de-comercializacion-de-esmeraldas\/\">Read more &rarr;<\/a><\/p>\n","protected":false},"author":13,"featured_media":16937,"comment_status":"open","ping_status":"open","sticky":false,"template":"","format":"standard","meta":{"footnotes":""},"categories":[4],"tags":[261,55,53],"class_list":["post-16936","post","type-post","status-publish","format-standard","has-post-thumbnail","hentry","category-noticias","tag-control-forestal","tag-esmeraldas","tag-mae","xfolkentry"],"_links":{"self":[{"href":"https:\/\/www.ambienteyenergia.gob.ec\/ambiente\/wp-json\/wp\/v2\/posts\/16936","targetHints":{"allow":["GET"]}}],"collection":[{"href":"https:\/\/www.ambienteyenergia.gob.ec\/ambiente\/wp-json\/wp\/v2\/posts"}],"about":[{"href":"https:\/\/www.ambienteyenergia.gob.ec\/ambiente\/wp-json\/wp\/v2\/types\/post"}],"author":[{"embeddable":true,"href":"https:\/\/www.ambienteyenergia.gob.ec\/ambiente\/wp-json\/wp\/v2\/users\/13"}],"replies":[{"embeddable":true,"href":"https:\/\/www.ambienteyenergia.gob.ec\/ambiente\/wp-json\/wp\/v2\/comments?post=16936"}],"version-history":[{"count":0,"href":"https:\/\/www.ambienteyenergia.gob.ec\/ambiente\/wp-json\/wp\/v2\/posts\/16936\/revisions"}],"wp:featuredmedia":[{"embeddable":true,"href":"https:\/\/www.ambienteyenergia.gob.ec\/ambiente\/wp-json\/wp\/v2\/media\/16937"}],"wp:attachment":[{"href":"https:\/\/www.ambienteyenergia.gob.ec\/ambiente\/wp-json\/wp\/v2\/media?parent=16936"}],"wp:term":[{"taxonomy":"category","embeddable":true,"href":"https:\/\/www.ambienteyenergia.gob.ec\/ambiente\/wp-json\/wp\/v2\/categories?post=16936"},{"taxonomy":"post_tag","embeddable":true,"href":"https:\/\/www.ambienteyenergia.gob.ec\/ambiente\/wp-json\/wp\/v2\/tags?post=16936"}],"curies":[{"name":"wp","href":"https:\/\/api.w.org\/{rel}","templated":true}]}}