{"id":16930,"date":"2013-11-22T15:51:29","date_gmt":"2013-11-22T20:51:29","guid":{"rendered":"http:\/\/www.ambiente.gob.ec\/?p=16930"},"modified":"2013-11-27T15:41:59","modified_gmt":"2013-11-27T20:41:59","slug":"futura-cria-de-los-condores-auki-y-kawsay-continua-en-proceso-natural-hasta-su-nacimiento","status":"publish","type":"post","link":"https:\/\/www.ambienteyenergia.gob.ec\/ambiente\/futura-cria-de-los-condores-auki-y-kawsay-continua-en-proceso-natural-hasta-su-nacimiento\/","title":{"rendered":"Futura cr\u00eda de los c\u00f3ndores Auki y Kawsay continua en proceso natural hasta su nacimiento"},"content":{"rendered":"<p align=\"JUSTIFY\">A los 62 d\u00edas de incubaci\u00f3n, el huevo de la pareja de c\u00f3ndores del Zool\u00f3gico de Quito, Auki (macho) y Kawsay (hembra), est\u00e1 saludable y concluyendo el proceso natural hasta el d\u00eda de su eclosi\u00f3n, sin motivos que sean causa de alarma. As\u00ed lo comunicaron hoy, en rueda de prensa, Christian Ter\u00e1n, Subsecretario del Patrimonio Natural del Ministerio del Ambiente (MAE), y representantes de ese Centro de Tenencia de Vida Silvestre, ubicado en la parroquia de Guayllabamba.<\/p>\n<p align=\"JUSTIFY\">Seg\u00fan indic\u00f3 Juan Manuel Carri\u00f3n, director ejecutivo del Zool\u00f3gico de Quito, el per\u00edodo de incubaci\u00f3n puede durar de 55 a 65 d\u00edas, de acuerdo con las experiencias que se tuvieron con Huayra (3 a\u00f1os) y Killari (1 a\u00f1o), cr\u00edas de la pareja. Sin embargo, aclar\u00f3 que estos procesos son variables, por lo que, si el nacimiento no se produce en ese tiempo, no significa que haya fracasado.<\/p>\n<p align=\"JUSTIFY\">Esto fue corroborado por el m\u00e9dico veterinario del Zool\u00f3gico, Pablo Arias, quien se ha encargado del monitoreo continuo de los c\u00f3ndores adultos y su futura cr\u00eda. \u201cNo hay razones para creer la eclosi\u00f3n no ser\u00e1 exitosa. Si el huevo no fuese f\u00e9rtil, los padres lo habr\u00edan desechado. Por el contrario, lo han cuidado ininterrumpidamente\u201d.<\/p>\n<p align=\"JUSTIFY\">Adem\u00e1s, inform\u00f3 que se puede esperar hasta los 70 d\u00edas. En ese tiempo, se podr\u00edan aplicar m\u00e9todos y t\u00e9cnicas para saber qu\u00e9 pasa dentro del huevo que fue puesto el pasado 20 de septiembre. Este acontecimiento sucedi\u00f3 luego de un proceso de reproducci\u00f3n asistido por personal del Zool\u00f3gico y de esta Cartera de Estado, como parte de la aplicaci\u00f3n de la Estrategia del C\u00f3ndor Andino en Ecuador, misma que busca proteger y conservar a este especie, para evitar su desaparici\u00f3n.<\/p>\n<p align=\"JUSTIFY\">Sobre esta Estrategia, Christian Ter\u00e1n indic\u00f3 que est\u00e1 dividida en los Programas de Manejo de Educaci\u00f3n, Difusi\u00f3n, Informaci\u00f3n, Capacitaci\u00f3n y Comunicaci\u00f3n; de Investigaci\u00f3n y de Conservaci\u00f3n; y que es ejecutada por el Grupo Nacional de Trabajo sobre el C\u00f3ndor Andino, con la coordinaci\u00f3n y liderazgo del MAE.<\/p>\n<p align=\"JUSTIFY\">En ello se enmarca el programa de reproducci\u00f3n en cautiverio que se ha realizado con Auki y Kawsay. Hasta el momento, estos c\u00f3ndores de aproximadamente 35 a\u00f1os, provenientes del antiguo Zool\u00f3gico del Colegio Militar, han tenido cinco cr\u00edas. Con la llegada de este nuevo ejemplar la pareja habr\u00e1 procreado seis. Se espera que \u00e9ste se una a Huayra y Killari, sus hermanos mayores, quienes fueron criados alejados del contacto humano, para que puedan ser reinsertados a sus h\u00e1bitar natural, en un per\u00edodo de un a\u00f1o y medio, contribuyendo a la conservaci\u00f3n de esta especie.<\/p>\n<p align=\"JUSTIFY\">En Ecuador, existen alrededor 50 espec\u00edmenes de c\u00f3ndor en estado silvestre y 19 en cautiverio. Esta ave, emblema de los andes, est\u00e1 en Peligro Cr\u00edtico de Extinci\u00f3n, registrada dentro del Libro Rojo de Aves del Ecuador, y en el Ap\u00e9ndice I de la Convenci\u00f3n sobre el Comercio Internacional de Especies Amenazadas de Fauna y Flora Silvestres (CITES), lo que significa que su comercializaci\u00f3n est\u00e1 prohibida.<\/p>\n<p align=\"JUSTIFY\">Por esas razones, la Estrategia incluye tambi\u00e9n la realizaci\u00f3n de censos y monitoreos dentro y fuera del Sistema Nacional de \u00c1reas Protegidas, fortalecimiento del control y monitoreo en las zonas mencionadas, a trav\u00e9s de la capacitaci\u00f3n a guardaparques, campa\u00f1as de sensibilizaci\u00f3n y educaci\u00f3n en lugares de avistamiento de c\u00f3ndores, una gu\u00eda para el Mantenimiento Ex Situ del c\u00f3ndor en centros de rescate y zool\u00f3gicos. Adem\u00e1s, fomenta y promueve las investigaciones sobre la ecolog\u00eda, biolog\u00eda y comportamiento del animal.<\/p>\n<p align=\"JUSTIFY\">En este caso, todo el proceso para el nacimiento de este c\u00f3ndor ha sido monitoreado. Se colocaron c\u00e1maras trampa que filman durante el d\u00eda y la noche. Hasta el momento se tienen 1 500 horas de grabaci\u00f3n que ha servido como base de investigaciones para comprender el comportamiento de estas aves, con el objetivo de asegurar las condiciones necesarias que eviten su desaparici\u00f3n.<\/p>\n<p align=\"JUSTIFY\">El Ministerio del Ambiente, como m\u00e1xima Autoridad en Patrimonio Natural del pa\u00eds, velar\u00e1 por el cumplimiento la Normativa Ambiental vigente y apoyar\u00e1 la aplicaci\u00f3n de la Estrategia del C\u00f3ndor Andino en Ecuador, para evitar su extinci\u00f3n y fomentar\u00e1 programas de investigaci\u00f3n que contribuyan con este objetivo.<\/p>\n<div id='gallery-1' class='gallery galleryid-16930 gallery-columns-3 gallery-size-thumbnail'><dl class='gallery-item'>\n\t\t\t<dt class='gallery-icon landscape'>\n\t\t\t\t<a href='https:\/\/www.ambienteyenergia.gob.ec\/ambiente\/futura-cria-de-los-condores-auki-y-kawsay-continua-en-proceso-natural-hasta-su-nacimiento\/dsc00003\/'><img loading=\"lazy\" decoding=\"async\" width=\"150\" height=\"150\" src=\"https:\/\/www.ambienteyenergia.gob.ec\/ambiente\/wp-content\/uploads\/sites\/2\/2013\/11\/DSC00003-150x150.jpg\" class=\"attachment-thumbnail size-thumbnail\" alt=\"\" aria-describedby=\"gallery-1-16931\" \/><\/a>\n\t\t\t<\/dt>\n\t\t\t\t<dd class='wp-caption-text gallery-caption' id='gallery-1-16931'>\n\t\t\t\tFutura cr\u00eda de los c\u00f3ndores Auki y Kawsay continua en proceso natural hasta su nacimiento\n\t\t\t\t<\/dd><\/dl><dl class='gallery-item'>\n\t\t\t<dt class='gallery-icon landscape'>\n\t\t\t\t<a href='https:\/\/www.ambienteyenergia.gob.ec\/ambiente\/futura-cria-de-los-condores-auki-y-kawsay-continua-en-proceso-natural-hasta-su-nacimiento\/dsc00019\/'><img loading=\"lazy\" decoding=\"async\" width=\"150\" height=\"150\" src=\"https:\/\/www.ambienteyenergia.gob.ec\/ambiente\/wp-content\/uploads\/sites\/2\/2013\/11\/DSC00019-150x150.jpg\" class=\"attachment-thumbnail size-thumbnail\" alt=\"\" aria-describedby=\"gallery-1-16932\" \/><\/a>\n\t\t\t<\/dt>\n\t\t\t\t<dd class='wp-caption-text gallery-caption' id='gallery-1-16932'>\n\t\t\t\tFutura cr\u00eda de los c\u00f3ndores Auki y Kawsay continua en proceso natural hasta su nacimiento\n\t\t\t\t<\/dd><\/dl><dl class='gallery-item'>\n\t\t\t<dt class='gallery-icon landscape'>\n\t\t\t\t<a href='https:\/\/www.ambienteyenergia.gob.ec\/ambiente\/futura-cria-de-los-condores-auki-y-kawsay-continua-en-proceso-natural-hasta-su-nacimiento\/dsc00032\/'><img loading=\"lazy\" decoding=\"async\" width=\"150\" height=\"150\" src=\"https:\/\/www.ambienteyenergia.gob.ec\/ambiente\/wp-content\/uploads\/sites\/2\/2013\/11\/DSC00032-150x150.jpg\" class=\"attachment-thumbnail size-thumbnail\" alt=\"\" aria-describedby=\"gallery-1-16933\" \/><\/a>\n\t\t\t<\/dt>\n\t\t\t\t<dd class='wp-caption-text gallery-caption' id='gallery-1-16933'>\n\t\t\t\tFutura cr\u00eda de los c\u00f3ndores Auki y Kawsay continua en proceso natural hasta su nacimiento\n\t\t\t\t<\/dd><\/dl><br style=\"clear: both\" \/>\n\t\t<\/div>\n\n","protected":false},"excerpt":{"rendered":"<p class=\"excerpt\">A los 62 d\u00edas de incubaci\u00f3n, el huevo de la pareja de c\u00f3ndores del Zool\u00f3gico de Quito, Auki (macho) y Kawsay (hembra), est\u00e1 saludable y concluyendo el proceso natural hasta el d\u00eda de su eclosi\u00f3n, sin motivos que sean causa de alarma. As\u00ed lo comunicaron hoy, en rueda de prensa, Christian Ter\u00e1n, Subsecretario del Patrimonio Natural del Ministerio del Ambiente&hellip; <a href=\"https:\/\/www.ambienteyenergia.gob.ec\/ambiente\/futura-cria-de-los-condores-auki-y-kawsay-continua-en-proceso-natural-hasta-su-nacimiento\/\">Read more &rarr;<\/a><\/p>\n","protected":false},"author":13,"featured_media":16935,"comment_status":"open","ping_status":"open","sticky":false,"template":"","format":"standard","meta":{"footnotes":""},"categories":[16,4],"tags":[],"class_list":["post-16930","post","type-post","status-publish","format-standard","has-post-thumbnail","hentry","category-comunicamos","category-noticias","xfolkentry"],"_links":{"self":[{"href":"https:\/\/www.ambienteyenergia.gob.ec\/ambiente\/wp-json\/wp\/v2\/posts\/16930","targetHints":{"allow":["GET"]}}],"collection":[{"href":"https:\/\/www.ambienteyenergia.gob.ec\/ambiente\/wp-json\/wp\/v2\/posts"}],"about":[{"href":"https:\/\/www.ambienteyenergia.gob.ec\/ambiente\/wp-json\/wp\/v2\/types\/post"}],"author":[{"embeddable":true,"href":"https:\/\/www.ambienteyenergia.gob.ec\/ambiente\/wp-json\/wp\/v2\/users\/13"}],"replies":[{"embeddable":true,"href":"https:\/\/www.ambienteyenergia.gob.ec\/ambiente\/wp-json\/wp\/v2\/comments?post=16930"}],"version-history":[{"count":0,"href":"https:\/\/www.ambienteyenergia.gob.ec\/ambiente\/wp-json\/wp\/v2\/posts\/16930\/revisions"}],"wp:featuredmedia":[{"embeddable":true,"href":"https:\/\/www.ambienteyenergia.gob.ec\/ambiente\/wp-json\/wp\/v2\/media\/16935"}],"wp:attachment":[{"href":"https:\/\/www.ambienteyenergia.gob.ec\/ambiente\/wp-json\/wp\/v2\/media?parent=16930"}],"wp:term":[{"taxonomy":"category","embeddable":true,"href":"https:\/\/www.ambienteyenergia.gob.ec\/ambiente\/wp-json\/wp\/v2\/categories?post=16930"},{"taxonomy":"post_tag","embeddable":true,"href":"https:\/\/www.ambienteyenergia.gob.ec\/ambiente\/wp-json\/wp\/v2\/tags?post=16930"}],"curies":[{"name":"wp","href":"https:\/\/api.w.org\/{rel}","templated":true}]}}