{"id":16904,"date":"2013-11-21T19:35:17","date_gmt":"2013-11-22T00:35:17","guid":{"rendered":"http:\/\/www.ambiente.gob.ec\/?p=16904"},"modified":"2013-11-21T20:46:39","modified_gmt":"2013-11-22T01:46:39","slug":"el-municipio-de-guayaquil-corrige-incumplimientos-identificados-por-el-mae","status":"publish","type":"post","link":"https:\/\/www.ambienteyenergia.gob.ec\/ambiente\/el-municipio-de-guayaquil-corrige-incumplimientos-identificados-por-el-mae\/","title":{"rendered":"Acreditaci\u00f3n del Municipio de Guayaquil, condicionada al cumplimiento de compromisos exigidos por el MAE"},"content":{"rendered":"<p style=\"text-align: justify;\">Tras, dos meses de suspensi\u00f3n de la acreditaci\u00f3n del Municipio de Guayaquil, el Ministerio\u00a0del Ambiente levant\u00f3 la medida una vez que el Cabildo porte\u00f1o cumpli\u00f3 con las disposiciones\u00a0establecidas por la M\u00e1xima Autoridad Ambiental bajo ciertas condiciones. Vale recordar que el\u00a0Cabildo municipal no puede emitirse licencias ambientales a sus propias obras; es decir actuar como\u00a0juez y parte, como se lo ven\u00eda haciendo.<\/p>\n<p style=\"text-align: justify;\">La sanci\u00f3n se dio tras un proceso de auditor\u00eda de gesti\u00f3n realizada al Cabildo durante la cual se\u00a0encontraron \u201c34 No Conformidades mayores (NC+), cuatro No Conformidades menores (NC-) y\u00a0seis observaciones en los procesos de regularizaci\u00f3n ambiental y control, seguimiento y monitoreo\u00a0que ha realizado este Cabildo entre abril de 2011 y abril de este a\u00f1o\u201d. Es decir, el Cabildo tuvo\u00a0observaciones muy significativas en su gesti\u00f3n ambiental.<\/p>\n<p style=\"text-align: justify;\">\u201cLa suspensi\u00f3n temporal de la acreditaci\u00f3n del Municipio de Guayaquil, como Autoridad Ambiental\u00a0de Aplicaci\u00f3n responsable, responde a causas relacionadas con el incumplimiento de la normativa\u00a0ambiental vigente. Nunca se detuvo el avance de la obra p\u00fablica en el cant\u00f3n. No se trata de un\u00a0tema pol\u00edtico sino de un tema t\u00e9cnico establecido en la resoluci\u00f3n de acreditaci\u00f3n\u201d, asegura la\u00a0Ministra del Ambiente, Lorena Tapia. Agrega que todo lo que se pidi\u00f3 corregir al Municipio \u00abfue\u00a0absolutamente sustentado, contrario a lo que mal informa a la ciudadan\u00eda el alcalde Jaime Nebot\u00bb.<\/p>\n<p style=\"text-align: justify;\">Previo al levantamiento de la suspensi\u00f3n, el MAE, dispuso al Municipio de Guayaquil, remitir con\u00a0car\u00e1cter de inmediato, toda la documentaci\u00f3n complementaria y\/o ampliatoria de respaldo, y dem\u00e1s\u00a0acciones que, como Autoridad Ambiental de Aplicaci\u00f3n responsable (AAAr), ha ejecutado para la\u00a0respectiva justificaci\u00f3n de las No Conformidades Mayores persistentes.<\/p>\n<p style=\"text-align: justify;\">Tras reuniones mantenidas entre representantes del Cabildo guayaquile\u00f1o y funcionarios del\u00a0Ministerio del Ambiente se establecieron compromisos que deber\u00e1 cumplir el Municipio de Guayaquil\u00a0en los pr\u00f3ximos 90 d\u00edas, caso contrario se puede revocar la acreditaci\u00f3n. Estos compromisos fueron:<\/p>\n<p style=\"text-align: justify;\">\u2022 Remitir al Ministerio del Ambiente, los expedientes de proyectos de alto impacto ambiental,\u00a0para los cuales no ten\u00edan competencias para regular ambientalmente, como son las\u00a0empresas que manejan productos qu\u00edmicos peligrosos y actividades estrat\u00e9gicas como la\u00a0regularizaci\u00f3n de canteras.<\/p>\n<p style=\"text-align: justify;\">\u2022 Dejar insubsistentes los marcos regulatorios (ordenanzas) para Miner\u00eda y Estaciones Base\u00a0de Celulares, que no guardan concordancia con la Normativa Ambiental Nacional.<\/p>\n<p style=\"text-align: justify;\">\u2022 Por disposici\u00f3n y por Ley, el Municipio de Guayaquil debe, de manera inmediata, crear\u00a0la Comisar\u00eda Ambiental, para atender los tr\u00e1mites sobre las denuncias presentadas por\u00a0contaminaci\u00f3n ambiental, ya que est\u00e1 nunca existi\u00f3, en incumplimiento de la Ley.<\/p>\n<p style=\"text-align: justify;\">\u2022 Adicionalmente, el Cabildo debe reformar la Ordenanza en cuanto a su gesti\u00f3n ambiental.<\/p>\n<p style=\"text-align: justify;\">La Ministra Tapia enfatiza que durante el tiempo de suspensi\u00f3n jam\u00e1s se paralizaron los tr\u00e1mites\u00a0de regularizaci\u00f3n ambiental que se han atendido desde el 9 de septiembre del 2013 en la\u00a0Direcci\u00f3n Provincial de Ambiente del Guayas. Seg\u00fan el reporte, 12 compa\u00f1\u00edas est\u00e1n en proceso\u00a0de regularizaci\u00f3n en esta Cartera de Estado para continuar con su proceso hasta que obtengan el\u00a0permiso ambiental. Durante el per\u00edodo de suspensi\u00f3n, el MAE atendi\u00f3 un promedio de 30 usuarios\u00a0diarios para obras de construcci\u00f3n civil como remodelaciones y cambios de fachada y lozas. Con\u00a0esto se demuestra que jam\u00e1s hubo perjuicio alguno a la obra p\u00fablica ni privada.<\/p>\n","protected":false},"excerpt":{"rendered":"<p class=\"excerpt\">Tras, dos meses de suspensi\u00f3n de la acreditaci\u00f3n del Municipio de Guayaquil, el Ministerio\u00a0del Ambiente levant\u00f3 la medida una vez que el Cabildo porte\u00f1o cumpli\u00f3 con las disposiciones\u00a0establecidas por la M\u00e1xima Autoridad Ambiental bajo ciertas condiciones. Vale recordar que el\u00a0Cabildo municipal no puede emitirse licencias ambientales a sus propias obras; es decir actuar como\u00a0juez y parte, como se lo ven\u00eda&hellip; <a href=\"https:\/\/www.ambienteyenergia.gob.ec\/ambiente\/el-municipio-de-guayaquil-corrige-incumplimientos-identificados-por-el-mae\/\">Read more &rarr;<\/a><\/p>\n","protected":false},"author":13,"featured_media":16801,"comment_status":"open","ping_status":"open","sticky":false,"template":"","format":"standard","meta":{"footnotes":""},"categories":[16,4],"tags":[365,63,108,53,364],"class_list":["post-16904","post","type-post","status-publish","format-standard","has-post-thumbnail","hentry","category-comunicamos","category-noticias","tag-direccion-provincial-de-ambiente-del-guayas","tag-guayas","tag-lorena-tapia","tag-mae","tag-municipio","xfolkentry"],"_links":{"self":[{"href":"https:\/\/www.ambienteyenergia.gob.ec\/ambiente\/wp-json\/wp\/v2\/posts\/16904","targetHints":{"allow":["GET"]}}],"collection":[{"href":"https:\/\/www.ambienteyenergia.gob.ec\/ambiente\/wp-json\/wp\/v2\/posts"}],"about":[{"href":"https:\/\/www.ambienteyenergia.gob.ec\/ambiente\/wp-json\/wp\/v2\/types\/post"}],"author":[{"embeddable":true,"href":"https:\/\/www.ambienteyenergia.gob.ec\/ambiente\/wp-json\/wp\/v2\/users\/13"}],"replies":[{"embeddable":true,"href":"https:\/\/www.ambienteyenergia.gob.ec\/ambiente\/wp-json\/wp\/v2\/comments?post=16904"}],"version-history":[{"count":0,"href":"https:\/\/www.ambienteyenergia.gob.ec\/ambiente\/wp-json\/wp\/v2\/posts\/16904\/revisions"}],"wp:featuredmedia":[{"embeddable":true,"href":"https:\/\/www.ambienteyenergia.gob.ec\/ambiente\/wp-json\/wp\/v2\/media\/16801"}],"wp:attachment":[{"href":"https:\/\/www.ambienteyenergia.gob.ec\/ambiente\/wp-json\/wp\/v2\/media?parent=16904"}],"wp:term":[{"taxonomy":"category","embeddable":true,"href":"https:\/\/www.ambienteyenergia.gob.ec\/ambiente\/wp-json\/wp\/v2\/categories?post=16904"},{"taxonomy":"post_tag","embeddable":true,"href":"https:\/\/www.ambienteyenergia.gob.ec\/ambiente\/wp-json\/wp\/v2\/tags?post=16904"}],"curies":[{"name":"wp","href":"https:\/\/api.w.org\/{rel}","templated":true}]}}