{"id":16898,"date":"2013-11-21T16:42:38","date_gmt":"2013-11-21T21:42:38","guid":{"rendered":"http:\/\/www.ambiente.gob.ec\/?p=16898"},"modified":"2013-11-22T12:50:04","modified_gmt":"2013-11-22T17:50:04","slug":"ministra-del-ambiente-lorena-tapia-mantuvo-reunion-de-trabajo-con-el-grupo-de-parlamentarios-amigos-de-ecuador-del-parlamento-polaco","status":"publish","type":"post","link":"https:\/\/www.ambienteyenergia.gob.ec\/ambiente\/ministra-del-ambiente-lorena-tapia-mantuvo-reunion-de-trabajo-con-el-grupo-de-parlamentarios-amigos-de-ecuador-del-parlamento-polaco\/","title":{"rendered":"Ministra del Ambiente, Lorena Tapia, mantuvo reuni\u00f3n de trabajo con el Grupo de Parlamentarios Amigos de Ecuador del Parlamento Polaco"},"content":{"rendered":"<p style=\"text-align: justify;\">Hoy,\u00a021 de noviembre, la Ministra del Ambiente, Lorena Tapia, fue recibida en el Parlamento del Gobierno de Polonia. El Presidente del Grupo de Parlamentarios Amigos de Ecuador, Arkady Fiedler, acogi\u00f3 con pleites\u00eda la visita de la Secretaria de Estado ecuatoriana y de la delegaci\u00f3n que la acompa\u00f1\u00f3: Fabi\u00e1n Valdivieso, Embajador del Ecuador en Polonia, y\u00a0\u00a0Daniel Ortega, Director de Derechos y Garant\u00edas del Ministerio de Relaciones Exteriores del Ecuador.<\/p>\n<p style=\"text-align: justify;\">La Ministra Lorena Tapia\u00a0\u00a0agradeci\u00f3 la invitaci\u00f3n y enfatiz\u00f3 la actual importancia de Polonia para las negociaciones de Cambio Clim\u00e1tico. Agreg\u00f3\u00a0\u00a0que en este \u00e1mbito, Ecuador ha presentado iniciativas innovadoras, como el impuesto Daly\u2013Correa y el respeto a los Derechos de la Naturaleza, que han colocado al pa\u00eds en una posici\u00f3n destacada ante la comunidad internacional en lo que respecta a la protecci\u00f3n del ambiente<\/p>\n<p style=\"text-align: justify;\">El Presidente del Grupo destac\u00f3 las excelentes relaciones bilaterales que existen entre ambos Gobiernos. La reuni\u00f3n de trabajo que tom\u00f3 una hora y media gir\u00f3 en torno a dos temas fundamentales: el caso Chevron y la posici\u00f3n del Ecuador ante la posible explotaci\u00f3n del Yasun\u00ed ITT.<\/p>\n<p style=\"text-align: justify;\">Con relaci\u00f3n al caso Chevron, la Ministra Tapia inform\u00f3 detalladamente sobre la contaminaci\u00f3n dejada por la transnacional petrolera en la Amazon\u00eda ecuatoriana y recalc\u00f3 que el Gobierno del Presidente Correa ha emprendido una campa\u00f1a mundial para exponer la verdad de este caso. Tanto la Ministra del Ambiente como el embajador Valdivieso insistieron que\u00a0hoy\u00a0en d\u00eda la legislaci\u00f3n ecuatoriana es muy clara y fuerte en el control ambiental.<\/p>\n<p style=\"text-align: justify;\">Una de las consultas expuestas por parte de Polonia fue en qu\u00e9 se invertir\u00e1 el monto que pueda recibirse por la sentencia del caso (aproximadamente USD 19 000 millones). Ecuador indic\u00f3 que se destinar\u00e1 a remediaci\u00f3n ambiental, misma que ser\u00e1 monitoreada por la autoridad ambiental ecuatoriana.<\/p>\n<p style=\"text-align: justify;\">El segundo tema de la reuni\u00f3n fue la posible explotaci\u00f3n del Yasun\u00ed ITT. Sobre ello, la M\u00e1xima Autoridad Ambiental ecuatoriana sostuvo que la explotaci\u00f3n del petr\u00f3leo en la zona ITT no implicar\u00e1 un perjuicio ni en t\u00e9rminos ambientales ni sociales por dos condiciones.<\/p>\n<p style=\"text-align: justify;\">La primera, porque la explotaci\u00f3n se realizar\u00e1 con los m\u00e1s altos est\u00e1ndares ambientales, y la segunda, porque se explotar\u00e1 el 1\/1000 del parque, es decir, el \u00edndice de afectaci\u00f3n ser\u00e1 m\u00ednimo. \u201cEstas condiciones representan una garant\u00eda para la poblaci\u00f3n ind\u00edgena en aislamiento voluntario: comunidades Taromenane y Tagaeri\u201d, recalc\u00f3 Tapia. Adem\u00e1s, enfatiz\u00f3 que el Ecuador es el \u00fanico pa\u00eds en el mundo que reconoce sus derechos.<\/p>\n<p style=\"text-align: justify;\">Como conclusi\u00f3n de este encuentro, la Ministra extendi\u00f3 una cordial invitaci\u00f3n para que los funcionarios presentes visiten el Ecuador.<\/p>\n<div id='gallery-1' class='gallery galleryid-16898 gallery-columns-3 gallery-size-thumbnail'><dl class='gallery-item'>\n\t\t\t<dt class='gallery-icon landscape'>\n\t\t\t\t<a href='https:\/\/www.ambienteyenergia.gob.ec\/ambiente\/ministra-del-ambiente-lorena-tapia-mantuvo-reunion-de-trabajo-con-el-grupo-de-parlamentarios-amigos-de-ecuador-del-parlamento-polaco\/sejm-ministra-amb-184\/'><img loading=\"lazy\" decoding=\"async\" width=\"150\" height=\"150\" src=\"https:\/\/www.ambienteyenergia.gob.ec\/ambiente\/wp-content\/uploads\/sites\/2\/2013\/11\/sejm-ministra-amb-184-150x150.jpg\" class=\"attachment-thumbnail size-thumbnail\" alt=\"\" aria-describedby=\"gallery-1-16923\" \/><\/a>\n\t\t\t<\/dt>\n\t\t\t\t<dd class='wp-caption-text gallery-caption' id='gallery-1-16923'>\n\t\t\t\tMinistra del Ambiente, Lorena Tapia, mantuvo reuni\u00f3n de trabajo con el Grupo de Parlamentarios Amigos de Ecuador del Parlamento Polaco\n\t\t\t\t<\/dd><\/dl><dl class='gallery-item'>\n\t\t\t<dt class='gallery-icon landscape'>\n\t\t\t\t<a href='https:\/\/www.ambienteyenergia.gob.ec\/ambiente\/ministra-del-ambiente-lorena-tapia-mantuvo-reunion-de-trabajo-con-el-grupo-de-parlamentarios-amigos-de-ecuador-del-parlamento-polaco\/sejm-ministra-amb-209\/'><img loading=\"lazy\" decoding=\"async\" width=\"150\" height=\"150\" src=\"https:\/\/www.ambienteyenergia.gob.ec\/ambiente\/wp-content\/uploads\/sites\/2\/2013\/11\/sejm-ministra-amb-209-150x150.jpg\" class=\"attachment-thumbnail size-thumbnail\" alt=\"\" aria-describedby=\"gallery-1-16924\" \/><\/a>\n\t\t\t<\/dt>\n\t\t\t\t<dd class='wp-caption-text gallery-caption' id='gallery-1-16924'>\n\t\t\t\tMinistra del Ambiente, Lorena Tapia, mantuvo reuni\u00f3n de trabajo con el Grupo de Parlamentarios Amigos de Ecuador del Parlamento Polaco\n\t\t\t\t<\/dd><\/dl><dl class='gallery-item'>\n\t\t\t<dt class='gallery-icon landscape'>\n\t\t\t\t<a href='https:\/\/www.ambienteyenergia.gob.ec\/ambiente\/ministra-del-ambiente-lorena-tapia-mantuvo-reunion-de-trabajo-con-el-grupo-de-parlamentarios-amigos-de-ecuador-del-parlamento-polaco\/sejm-ministra-amb-247\/'><img loading=\"lazy\" decoding=\"async\" width=\"150\" height=\"150\" src=\"https:\/\/www.ambienteyenergia.gob.ec\/ambiente\/wp-content\/uploads\/sites\/2\/2013\/11\/sejm-ministra-amb-247-150x150.jpg\" class=\"attachment-thumbnail size-thumbnail\" alt=\"\" aria-describedby=\"gallery-1-16925\" \/><\/a>\n\t\t\t<\/dt>\n\t\t\t\t<dd class='wp-caption-text gallery-caption' id='gallery-1-16925'>\n\t\t\t\tMinistra del Ambiente, Lorena Tapia, mantuvo reuni\u00f3n de trabajo con el Grupo de Parlamentarios Amigos de Ecuador del Parlamento Polaco\n\t\t\t\t<\/dd><\/dl><br style=\"clear: both\" \/>\n\t\t<\/div>\n\n","protected":false},"excerpt":{"rendered":"<p class=\"excerpt\">Hoy,\u00a021 de noviembre, la Ministra del Ambiente, Lorena Tapia, fue recibida en el Parlamento del Gobierno de Polonia. El Presidente del Grupo de Parlamentarios Amigos de Ecuador, Arkady Fiedler, acogi\u00f3 con pleites\u00eda la visita de la Secretaria de Estado ecuatoriana y de la delegaci\u00f3n que la acompa\u00f1\u00f3: Fabi\u00e1n Valdivieso, Embajador del Ecuador en Polonia, y\u00a0\u00a0Daniel Ortega, Director de Derechos y&hellip; <a href=\"https:\/\/www.ambienteyenergia.gob.ec\/ambiente\/ministra-del-ambiente-lorena-tapia-mantuvo-reunion-de-trabajo-con-el-grupo-de-parlamentarios-amigos-de-ecuador-del-parlamento-polaco\/\">Read more &rarr;<\/a><\/p>\n","protected":false},"author":13,"featured_media":16921,"comment_status":"open","ping_status":"open","sticky":false,"template":"","format":"standard","meta":{"footnotes":""},"categories":[16,4],"tags":[],"class_list":["post-16898","post","type-post","status-publish","format-standard","has-post-thumbnail","hentry","category-comunicamos","category-noticias","xfolkentry"],"_links":{"self":[{"href":"https:\/\/www.ambienteyenergia.gob.ec\/ambiente\/wp-json\/wp\/v2\/posts\/16898","targetHints":{"allow":["GET"]}}],"collection":[{"href":"https:\/\/www.ambienteyenergia.gob.ec\/ambiente\/wp-json\/wp\/v2\/posts"}],"about":[{"href":"https:\/\/www.ambienteyenergia.gob.ec\/ambiente\/wp-json\/wp\/v2\/types\/post"}],"author":[{"embeddable":true,"href":"https:\/\/www.ambienteyenergia.gob.ec\/ambiente\/wp-json\/wp\/v2\/users\/13"}],"replies":[{"embeddable":true,"href":"https:\/\/www.ambienteyenergia.gob.ec\/ambiente\/wp-json\/wp\/v2\/comments?post=16898"}],"version-history":[{"count":0,"href":"https:\/\/www.ambienteyenergia.gob.ec\/ambiente\/wp-json\/wp\/v2\/posts\/16898\/revisions"}],"wp:featuredmedia":[{"embeddable":true,"href":"https:\/\/www.ambienteyenergia.gob.ec\/ambiente\/wp-json\/wp\/v2\/media\/16921"}],"wp:attachment":[{"href":"https:\/\/www.ambienteyenergia.gob.ec\/ambiente\/wp-json\/wp\/v2\/media?parent=16898"}],"wp:term":[{"taxonomy":"category","embeddable":true,"href":"https:\/\/www.ambienteyenergia.gob.ec\/ambiente\/wp-json\/wp\/v2\/categories?post=16898"},{"taxonomy":"post_tag","embeddable":true,"href":"https:\/\/www.ambienteyenergia.gob.ec\/ambiente\/wp-json\/wp\/v2\/tags?post=16898"}],"curies":[{"name":"wp","href":"https:\/\/api.w.org\/{rel}","templated":true}]}}