{"id":16895,"date":"2013-11-21T14:29:38","date_gmt":"2013-11-21T19:29:38","guid":{"rendered":"http:\/\/www.ambiente.gob.ec\/?p=16895"},"modified":"2013-11-21T14:29:57","modified_gmt":"2013-11-21T19:29:57","slug":"mae-decomiso-musgo-en-la-provincia-de-el-oro","status":"publish","type":"post","link":"https:\/\/www.ambienteyenergia.gob.ec\/ambiente\/mae-decomiso-musgo-en-la-provincia-de-el-oro\/","title":{"rendered":"MAE decomis\u00f3 musgo en la provincia de El Oro"},"content":{"rendered":"<p style=\"text-align: justify;\">El Ministerio del Ambiente (MAE), a trav\u00e9s de la Direcci\u00f3n Provincial de El Oro, realiz\u00f3 un operativo de control forestal y de vida silvestre, en el sector de Quera a la altura del sector de la Y, v\u00eda Pasaje Cuenca- Chilla, durante el cual, en un veh\u00edculo tipo cami\u00f3n color blanco, se encontr\u00f3 y decomis\u00f3 un saco con musgo, una especie no maderable est\u00e1 siendo protegida para evitar su desaparici\u00f3n.<\/p>\n<p style=\"text-align: justify;\">En esta inspecci\u00f3n efectuada el pasado martes 19 de noviembre, participaron funcionarios de la Unidad de Patrimonio Natural de esta Cartera de Estado y miembros de la Unidad de Protecci\u00f3n del Medio Ambiente (UPMA).<\/p>\n<p style=\"text-align: justify;\">El MAE trabaja para concienciar a la ciudadan\u00eda en general, y dar a conocer el impacto que causa al ecosistema local la extracci\u00f3n de los musgos u otros materiales naturales que en esta \u00e9poca suelen ser utilizados como adornos en el pesebre navide\u00f1o. Ademas de dar alternativas para los materiales, que pueden ser utilizados para mantener esta tradici\u00f3n cristiana.<\/p>\n<p style=\"text-align: justify;\">Los operativos de control en coordinaci\u00f3n con la Polic\u00eda Nacional y Municipal, iniciar\u00e1n luego una vez se conformen las brigadas, quienes monitorear\u00e1n en las v\u00edas de acceso a la ciudad, es decir lo que pretenden es que no ingresen a la urbe con este material.<\/p>\n<p style=\"text-align: justify;\">Los comerciantes deben tomar las medidas sugeridas para no ser sancionados, la Ley Forestal da la potestad de establecer multas econ\u00f3micas y administrativas cuando se atente contra cualquier especie animal o vegetal.<\/p>\n<p style=\"text-align: justify;\">Se solicita a los vendedores que ya no adquieran el musgo, l\u00edquenes y briofitas para comercializarlo sino que tomen en cuenta el impacto ambiental que esto causa y porque a trav\u00e9s de los operativos la planta ser\u00e1 decomisada lo que generar\u00e1 p\u00e9rdidas econ\u00f3micas para los mercaderes.<\/p>\n<p style=\"text-align: justify;\">Se sugiere a la colectividad utilizar otras opciones para la elaboraci\u00f3n de los pesebres entre ellas material reciclado como: cart\u00f3n, papel, aserr\u00edn, arena, c\u00e1scara de huevo. Tambi\u00e9n puede usar el llamado papel c\u00e9sped que tiene pegado viruta de madera pintada de verde.<\/p>\n<p style=\"text-align: justify;\"><strong>El dato:<\/strong><\/p>\n<p style=\"text-align: justify;\"><b>Los musgos <\/b>s<b>on irreemplazables en los ecosistemas protegen los suelos desnudos, cubren las rocas, brindan condiciones \u00f3ptimas de humedad y nutrientes para que germinen y se desarrollen otras semillas, cumplen un rol dentro de la din\u00e1mica de los bosques, como mantener la humedad, detener la erosi\u00f3n, interceptar la lluvia, absorber los contaminantes del aire y favorecer al desarrollo de muchas plantas y animales.<\/b><\/p>\n","protected":false},"excerpt":{"rendered":"<p class=\"excerpt\">El Ministerio del Ambiente (MAE), a trav\u00e9s de la Direcci\u00f3n Provincial de El Oro, realiz\u00f3 un operativo de control forestal y de vida silvestre, en el sector de Quera a la altura del sector de la Y, v\u00eda Pasaje Cuenca- Chilla, durante el cual, en un veh\u00edculo tipo cami\u00f3n color blanco, se encontr\u00f3 y decomis\u00f3 un saco con musgo, una&hellip; <a href=\"https:\/\/www.ambienteyenergia.gob.ec\/ambiente\/mae-decomiso-musgo-en-la-provincia-de-el-oro\/\">Read more &rarr;<\/a><\/p>\n","protected":false},"author":13,"featured_media":16896,"comment_status":"open","ping_status":"open","sticky":false,"template":"","format":"standard","meta":{"footnotes":""},"categories":[16,4],"tags":[],"class_list":["post-16895","post","type-post","status-publish","format-standard","has-post-thumbnail","hentry","category-comunicamos","category-noticias","xfolkentry"],"_links":{"self":[{"href":"https:\/\/www.ambienteyenergia.gob.ec\/ambiente\/wp-json\/wp\/v2\/posts\/16895","targetHints":{"allow":["GET"]}}],"collection":[{"href":"https:\/\/www.ambienteyenergia.gob.ec\/ambiente\/wp-json\/wp\/v2\/posts"}],"about":[{"href":"https:\/\/www.ambienteyenergia.gob.ec\/ambiente\/wp-json\/wp\/v2\/types\/post"}],"author":[{"embeddable":true,"href":"https:\/\/www.ambienteyenergia.gob.ec\/ambiente\/wp-json\/wp\/v2\/users\/13"}],"replies":[{"embeddable":true,"href":"https:\/\/www.ambienteyenergia.gob.ec\/ambiente\/wp-json\/wp\/v2\/comments?post=16895"}],"version-history":[{"count":0,"href":"https:\/\/www.ambienteyenergia.gob.ec\/ambiente\/wp-json\/wp\/v2\/posts\/16895\/revisions"}],"wp:featuredmedia":[{"embeddable":true,"href":"https:\/\/www.ambienteyenergia.gob.ec\/ambiente\/wp-json\/wp\/v2\/media\/16896"}],"wp:attachment":[{"href":"https:\/\/www.ambienteyenergia.gob.ec\/ambiente\/wp-json\/wp\/v2\/media?parent=16895"}],"wp:term":[{"taxonomy":"category","embeddable":true,"href":"https:\/\/www.ambienteyenergia.gob.ec\/ambiente\/wp-json\/wp\/v2\/categories?post=16895"},{"taxonomy":"post_tag","embeddable":true,"href":"https:\/\/www.ambienteyenergia.gob.ec\/ambiente\/wp-json\/wp\/v2\/tags?post=16895"}],"curies":[{"name":"wp","href":"https:\/\/api.w.org\/{rel}","templated":true}]}}