{"id":16885,"date":"2013-11-21T10:03:46","date_gmt":"2013-11-21T15:03:46","guid":{"rendered":"http:\/\/www.ambiente.gob.ec\/?p=16885"},"modified":"2013-11-21T10:20:59","modified_gmt":"2013-11-21T15:20:59","slug":"ministra-lorena-tapia-presento-propuesta-nacional-sobre-la-lucha-contra-el-cambio-climatico-en-la-cop-19","status":"publish","type":"post","link":"https:\/\/www.ambienteyenergia.gob.ec\/ambiente\/ministra-lorena-tapia-presento-propuesta-nacional-sobre-la-lucha-contra-el-cambio-climatico-en-la-cop-19\/","title":{"rendered":"Ministra, Lorena Tapia, present\u00f3 propuesta nacional sobre la lucha contra el cambio clim\u00e1tico en la COP 19"},"content":{"rendered":"<p style=\"text-align: justify;\">Hoy, la Ministra del Ambiente del Ecuador, Lorena Tapia, present\u00f3 a los pa\u00edses de las Naciones Unidas reunidos en la Conferencia de las Partes de la Convenci\u00f3n Marco de Naciones Unidas sobre Cambio Clim\u00e1tico \u2013 COP19\u00a0 la postura nacional sobre \u00a0la lucha contra el cambio clim\u00e1tico.<\/p>\n<p style=\"text-align: justify;\">Al iniciar su intervenci\u00f3n extendi\u00f3 un saludo a los delegados de los diferentes pa\u00edses en nombre del Presidente Rafael Correa y del pueblo ecuatoriano. Asimismo, reiter\u00f3 la solidaridad del Estado ecuatoriano hacia los damnificados de Filipinas frente a la devastaci\u00f3n que el s\u00faper tif\u00f3n Haiy\u00e1n caus\u00f3 en esas islas. Al respecto, fue enf\u00e1tica: \u00abEsperamos que no haga falta tener m\u00e1s muestras de los desastres que se han visto fortalecidos por la inacci\u00f3n provocada por quienes tienen una responsabilidad hist\u00f3rica en ello\u00bb.<\/p>\n<p style=\"text-align: justify;\">Agreg\u00f3 que si los pa\u00edses del sur fueran responsables del cambio clim\u00e1tico, muy seguramente, ya los pa\u00edses poderosos nos hubieran obligado, a cumplir y evitar esos desastres en sus tierras.<\/p>\n<p style=\"text-align: justify;\">La Convenci\u00f3n de Cambio Clim\u00e1tico comparte un objetivo com\u00fan, comparte principios comunes, ha definido compromisos en su texto y ha tomado decisiones que son el resultado de acuerdos durante m\u00e1s de veinte a\u00f1os. En ese sentido, conmin\u00f3 a todos los presentes a respetar esos acuerdos. \u00abNos llama la atenci\u00f3n que se demande compromisos de pa\u00edses en desarrollo que pueden estar en contradicci\u00f3n con acuerdos que ya existen, con diferenciaciones y responsabilidades que ya se han acordado y que la Convenci\u00f3n no ha aceptado discutir abiertamente\u00bb.<\/p>\n<p style=\"text-align: justify;\"><strong>Rol de los pa\u00edses desarrollados<\/strong><\/p>\n<p style=\"text-align: justify;\">Durante su alocuci\u00f3n\u00a0 de 11 minutos hizo hincapi\u00e9 en la corresponsabilidad de las naciones. \u00abTememos que la indiferencia clim\u00e1tica que se ha presentado signifique para nuestros pa\u00edses que si no desviamos presupuestos desde educaci\u00f3n, salud, erradicaci\u00f3n de pobreza, generaci\u00f3n el\u00e9ctrica, para mitigar al cambio clim\u00e1tico, seremos nosotros, como pa\u00edses vulnerables, quienes tendremos que recibir los efectos adversos de cambio clim\u00e1tico directamente\u00bb.<\/p>\n<p style=\"text-align: justify;\">Pronunciadas estas palabras, conmin\u00f3 al auditorio a vincular el\u00a0 trabajo que se hace en la Convenci\u00f3n con el dise\u00f1o de pol\u00edticas ya que se han reconocido brechas de implementaci\u00f3n de compromisos. \u00abEn la regi\u00f3n, la cooperaci\u00f3n tradicional no llega ni al 2% de las necesidades identificadas y recordemos que el cambio clim\u00e1tico demanda recursos adicionales a esa cooperaci\u00f3n\u00bb.<\/p>\n<p style=\"text-align: justify;\">Asimismo, reconoci\u00f3 que los pa\u00edses en desarrollo act\u00faan, en proporci\u00f3n, mucho m\u00e1s que los pa\u00edses desarrollados ya que\u00a0 est\u00e1n superando las acciones definidas por sus \u00a0compromisos, adem\u00e1s, inform\u00f3 que Ecuador, mantiene \u00a0acciones de mitigaci\u00f3n y adaptaci\u00f3n en funcionamiento, y se coordinan pol\u00edticas nacionales de cambio clim\u00e1tico desde espacios con alto nivel pol\u00edtico. \u00abLa conclusi\u00f3n a la que podemos llegar de estas acciones es simple: el r\u00e9gimen clim\u00e1tico nos interesa, quisi\u00e9ramos potenciar nuestras acciones, pero nuestras capacidades est\u00e1n limitadas por la provisi\u00f3n de medios de implementaci\u00f3n, y deber\u00edan ser definidas en concordancia con el principio de responsabilidades comunes pero diferenciadas\u00bb.<\/p>\n<p style=\"text-align: justify;\">\u00abDebo subrayar, que para pa\u00edses en desarrollo la adaptaci\u00f3n, el fortalecimiento de capacidades, la reducci\u00f3n de vulnerabilidad y aumento de resiliencia son nuestras prioridades\u00bb. La l\u00edder de la delegaci\u00f3n ecuatoriana en Polonia mencion\u00f3 que llama mucho la atenci\u00f3n ver que la cooperaci\u00f3n ofrecida no refleja abordar estas prioridades, necesidades y circunstancias o tenerlas en consideraci\u00f3n.<\/p>\n<p style=\"text-align: justify;\">La Ministra de Ambiente del Ecuador record\u00f3 que en materia de mitigaci\u00f3n, los pa\u00edses en desarrollo est\u00e1n mitigando mucho m\u00e1s que los pa\u00edses desarrollados. \u00abSe nos pide actuar a\u00fan m\u00e1s, sin que tengamos se\u00f1ales de reciprocidad, acorde con responsabilidad hist\u00f3rica\u00bb. \u00a0Ante ello, recalc\u00f3: \u00abLos pa\u00edses en desarrollo exigimos cumplir con los compromisos actuales y del pasado antes de definir los nuevos compromisos\u00bb.<\/p>\n<p style=\"text-align: justify;\">Adicionalmente, la Ministra Tapia pidi\u00f3 \u00a0reconocer el avance que pa\u00edses en desarrollo han tenido en el proceso de preparaci\u00f3n para el mecanismo REDD+. \u00abEn el Ecuador, reconocemos que nuestros bosques tienen un gran potencial de contribuir en el r\u00e9gimen clim\u00e1tico y estamos dispuestos a explorar este potencial, pero la falta de voluntad de incluir este mecanismo en discusiones para operativizarlo y financiarlo, nos deja muy decepcionados\u00bb.<\/p>\n<p style=\"text-align: justify;\">En su discurso, la M\u00e1xima Autoridad Ambiental ecuatoriana se refiri\u00f3 tambi\u00e9n a la falta de voluntad pol\u00edtica global para apoyar iniciativas particulares desde los pa\u00edses en desarrollo, que han podido y pueden contribuir a los objetivos de la Convenci\u00f3n adem\u00e1s de la consecuci\u00f3n del desarrollo sostenible.<\/p>\n<p style=\"text-align: justify;\"><strong>Falta de compromiso Internacional a iniciativa Yasun\u00ed ITT<\/strong><\/p>\n<p style=\"text-align: justify;\">En ese sentido, puso como ejemplo la iniciativa Yasun\u00ed ITT del Ecuador\u00a0 que depend\u00eda del apoyo internacional para la conservaci\u00f3n. \u00abFue un ejemplo vanguardista para poner en pr\u00e1ctica el principio de responsabilidades comunes pero diferenciadas con respecto a la lucha contra el cambio clim\u00e1tico.<\/p>\n<p style=\"text-align: justify;\">La \u00a0Iniciativa Yasun\u00ed-ITT consist\u00eda en dejar bajo tierra y sin extraer, las m\u00e1s grandes reservas probadas de petr\u00f3leo del Ecuador, evitando la emisi\u00f3n de 407 millones de toneladas de CO2 a la atm\u00f3sfera, adem\u00e1s de otros importantes beneficios para la conservaci\u00f3n de la biodiversidad y la protecci\u00f3n de los pueblos ind\u00edgenas en aislamiento voluntario. \u00a0\u00abEste sacrificio hist\u00f3rico que el Ecuador soberanamente ofreci\u00f3 al mundo al renunciar a alrededor de 18 mil millones de d\u00f3lares que significar\u00eda la explotaci\u00f3n del petr\u00f3leo, implicaba la co-responsabilidad de la comunidad internacional, a trav\u00e9s del aporte de por lo menos el 50% del valor neto de lo que el Ecuador dejar\u00eda de recibir por la no explotaci\u00f3n de petr\u00f3leo y la no emisi\u00f3n de gases de efecto invernadero de las reservas de los Bloques ITT\u00bb.<\/p>\n<p style=\"text-align: justify;\">\u00a0En este tema, la Ministra recalc\u00f3 que, lamentablemente,\u00a0 a pesar de innumerables muestras de apoyo y algunos aportes financieros, los pa\u00edses desarrollados decidieron seguir deshonrando su deuda ecol\u00f3gica y clim\u00e1tica, con lo cual el Fideicomiso manejado por el Programa de las Naciones Unidas para el Desarrollo \u2013 PNUD, nunca lleg\u00f3 a contar con los recursos suficientes esperados.\u00a0 Por ello, el Ecuador \u00abconsciente de la responsabilidad del Estado de garantizar el derecho de su poblaci\u00f3n al desarrollo, dispuso la liquidaci\u00f3n de la Iniciativa, mientras que la Asamblea Nacional declar\u00f3 de inter\u00e9s nacional a los recursos no renovables ubicados estos bloques, cuya explotaci\u00f3n v\u00eda perforaci\u00f3n horizontal con los m\u00e1s altos est\u00e1ndares ambientales y con apenas el uno por mil de afectaci\u00f3n al territorio del Parque Nacional, nos permitir\u00e1n avanzar en la erradicaci\u00f3n de la pobreza en armon\u00eda con la naturaleza\u00bb.\u00a0 \u00a0La Ministra aclar\u00f3 que \u00abel cinismo de los pa\u00edses ricos se refleja en Yasun\u00ed. La comunidad internacional fall\u00f3 tanto como ha fallado en pagar su deuda clim\u00e1tica, lo que se refleja en un Fondo Verde Clim\u00e1tico sin recursos, al igual que todos los dem\u00e1s Fondos y mecanismos financieros de la Convenci\u00f3n\u00bb.<\/p>\n<p style=\"text-align: justify;\">Ecuador manifest\u00f3, adem\u00e1s, su desacuerdo con que esta COP merezca ser llamada la COP de Financiamiento, sobre todo, por la falta de se\u00f1ales de las Partes que son pa\u00edses desarrollados para cumplir de manera concreta con sus compromisos de provisi\u00f3n de recursos financieros a favor de los pa\u00edses en desarrollo, tanto en relaci\u00f3n con el periodo pre-2020, como para cumplir con la promesa de movilizar 100 mil millones de d\u00f3lares anuales a partir del 2020.<\/p>\n<p style=\"text-align: justify;\">Asimismo, apoy\u00f3 la propuesta del G7 y China, de garantizar la capacidad para cumplir con estas metas, a trav\u00e9s de la provisi\u00f3n de financiamiento p\u00fablico por 70 mil millones de d\u00f3lares anuales a partir del 2016 y por 100 mil millones anuales a partir del a\u00f1o 2020. \u00a0La Ministra Lorena Tapia insisti\u00f3 en \u00a0la propuesta planteada en 2011 sobre la necesidad de sistemas robustos de Medici\u00f3n, Reporte y Verificaci\u00f3n de los flujos financieros y cualquier mecanismo bajo la Convenci\u00f3n, as\u00ed como el fortalecimiento permanente de la transparencia y la predictibilidad.<\/p>\n<p style=\"text-align: justify;\"><strong>Propuestas promovidas por el Ecuador <\/strong><\/p>\n<ul style=\"text-align: justify;\">\n<li>En relaci\u00f3n con las fuentes de financiamiento, Tapia record\u00f3 \u00a0\u00a0las propuestas promovidas por el Ecuador, tal como la creaci\u00f3n de un eco-impuesto Daly-Correa a las exportaciones de petr\u00f3leo de pa\u00edses en desarrollo hacia pa\u00edses desarrollados, que tiene la finalidad de promover una reducci\u00f3n en el consumo insostenible de este recurso contaminante y proveer de financiamiento clim\u00e1tico a pa\u00edses en desarrollo.<\/li>\n<li>El Ecuador, tambi\u00e9n, forma parte de la Junta Ejecutiva del Fondo Verde Clim\u00e1tico, integra la Circunscripci\u00f3n del Fondo Global para el Medio Ambiente y el pr\u00f3ximo a\u00f1o volver\u00e1 a la Junta Ejecutiva del Mecanismo de Desarrollo Limpio.<\/li>\n<li>Ecuador tambi\u00e9n participa con propuestas concretas en otro de los pilares del Plan de Acci\u00f3n de Bali, como es el caso de la transferencia de tecnolog\u00eda, en cuyo marco debe ser abordada la necesidad de flexibilizaci\u00f3n de los derechos de propiedad intelectual, en cuanto significan una barrera para el acceso de los pa\u00edses en desarrollo a tecnolog\u00edas limpias, as\u00ed como al desarrollo de tecnolog\u00edas end\u00f3genas.<\/li>\n<li>\u00a0Ecuador forma parte actualmente del Comit\u00e9 Ejecutivo de Transferencia de Tecnolog\u00eda y espera continuar haci\u00e9ndolo el a\u00f1o pr\u00f3ximo.<\/li>\n<\/ul>\n<p style=\"text-align: justify;\">\u00abTodas estas son muestras irrefutables de nuestro compromiso con los objetivos de la Convenci\u00f3n y con esta compleja arquitectura para su implementaci\u00f3n. En el \u00e1mbito nacional, el Ecuador ha desarrollado marcos institucionales y regulatorios s\u00f3lidos, que permiten la implementaci\u00f3n de la Estrategia Nacional de Cambio Clim\u00e1tico al 2025, adem\u00e1s de la formulaci\u00f3n de planes y de la implementaci\u00f3n de medidas de adaptaci\u00f3n y mitigaci\u00f3n a nivel nacional, regional y local\u00bb.<\/p>\n<p style=\"text-align: justify;\"><strong>Caso Chevron-Texaco<\/strong><\/p>\n<p style=\"text-align: justify;\">Para concluir, la Ministra Lorena Tapia se refiri\u00f3 a la contaminaci\u00f3n ambiental en el Ecuador\u00a0 provocada por la compa\u00f1\u00eda Chevron-Texaco. \u00abDeseo referirme a un caso muy sensible para mi pa\u00eds y que demuestra la necesidad de una atenci\u00f3n especial al rol que pueden desempe\u00f1ar algunas empresas transnacionales sin regulaci\u00f3n ni responsabilidad con el desarrollo sostenible, en la contaminaci\u00f3n del medio ambiente y el calentamiento global (&#8230;) Comparto con ustedes la denuncia del Ecuador, al constatar que una empresa como Chevr\u00f3n-Texaco caus\u00f3 un impacto ambiental incalculable en unos de los ecosistemas m\u00e1s vulnerables del planeta, la Amazonia ecuatoriana. Un impacto m\u00e1s grande que el provocado por Exxon-Valdez en Alaska y British Petroleum en el Golfo de M\u00e9xico, y que luego de un largo proceso judicial fue encontrada culpable por los da\u00f1os causados a las comunidades ind\u00edgenas amaz\u00f3nicas\u00bb.<\/p>\n<p style=\"text-align: justify;\">Inform\u00f3 a los presentes que la mencionada trasnacional ha emprendido una campa\u00f1a de desprestigio y una demanda arbitral de 19.000 millones de d\u00f3lares en contra del Ecuador con el objeto de desconocer su culpabilidad. Por ello, conmin\u00f3 a estar alertas de \u00abeste tipo de poderes corporativos, que ahora quieren impregnarse de estas negociaciones y del r\u00e9gimen de cambio clim\u00e1tico, que deben ser vigilados y regulados, a fin de evitar que bajo la supuesta contribuci\u00f3n del sector corporativo en la lucha contra el cambio clim\u00e1tico, se ponga en riesgo no solo la estabilidad ambiental y clim\u00e1tica del planeta, sino la estabilidad econ\u00f3mica de los pa\u00edses en desarrollo a trav\u00e9s de demandas arbitrales multimillonarias\u00bb.<\/p>\n<div id='gallery-1' class='gallery galleryid-16885 gallery-columns-3 gallery-size-thumbnail'><dl class='gallery-item'>\n\t\t\t<dt class='gallery-icon landscape'>\n\t\t\t\t<a href='https:\/\/www.ambienteyenergia.gob.ec\/ambiente\/ministra-lorena-tapia-presento-propuesta-nacional-sobre-la-lucha-contra-el-cambio-climatico-en-la-cop-19\/20131121_124739\/'><img loading=\"lazy\" decoding=\"async\" width=\"150\" height=\"150\" src=\"https:\/\/www.ambienteyenergia.gob.ec\/ambiente\/wp-content\/uploads\/sites\/2\/2013\/11\/20131121_124739-150x150.jpg\" class=\"attachment-thumbnail size-thumbnail\" alt=\"\" aria-describedby=\"gallery-1-16888\" \/><\/a>\n\t\t\t<\/dt>\n\t\t\t\t<dd class='wp-caption-text gallery-caption' id='gallery-1-16888'>\n\t\t\t\tinistra, Lorena Tapia, present\u00f3 propuesta nacional sobre la lucha contra el cambio clim\u00e1tico en la COP 19\n\t\t\t\t<\/dd><\/dl><dl class='gallery-item'>\n\t\t\t<dt class='gallery-icon landscape'>\n\t\t\t\t<a href='https:\/\/www.ambienteyenergia.gob.ec\/ambiente\/ministra-lorena-tapia-presento-propuesta-nacional-sobre-la-lucha-contra-el-cambio-climatico-en-la-cop-19\/20131121_124757\/'><img loading=\"lazy\" decoding=\"async\" width=\"150\" height=\"150\" src=\"https:\/\/www.ambienteyenergia.gob.ec\/ambiente\/wp-content\/uploads\/sites\/2\/2013\/11\/20131121_124757-150x150.jpg\" class=\"attachment-thumbnail size-thumbnail\" alt=\"\" aria-describedby=\"gallery-1-16889\" \/><\/a>\n\t\t\t<\/dt>\n\t\t\t\t<dd class='wp-caption-text gallery-caption' id='gallery-1-16889'>\n\t\t\t\tinistra, Lorena Tapia, present\u00f3 propuesta nacional sobre la lucha contra el cambio clim\u00e1tico en la COP 19\n\t\t\t\t<\/dd><\/dl><dl class='gallery-item'>\n\t\t\t<dt class='gallery-icon landscape'>\n\t\t\t\t<a href='https:\/\/www.ambienteyenergia.gob.ec\/ambiente\/ministra-lorena-tapia-presento-propuesta-nacional-sobre-la-lucha-contra-el-cambio-climatico-en-la-cop-19\/20131121_124835\/'><img loading=\"lazy\" decoding=\"async\" width=\"150\" height=\"150\" src=\"https:\/\/www.ambienteyenergia.gob.ec\/ambiente\/wp-content\/uploads\/sites\/2\/2013\/11\/20131121_124835-150x150.jpg\" class=\"attachment-thumbnail size-thumbnail\" alt=\"\" aria-describedby=\"gallery-1-16890\" \/><\/a>\n\t\t\t<\/dt>\n\t\t\t\t<dd class='wp-caption-text gallery-caption' id='gallery-1-16890'>\n\t\t\t\tinistra, Lorena Tapia, present\u00f3 propuesta nacional sobre la lucha contra el cambio clim\u00e1tico en la COP 19\n\t\t\t\t<\/dd><\/dl><br style=\"clear: both\" \/><dl class='gallery-item'>\n\t\t\t<dt class='gallery-icon landscape'>\n\t\t\t\t<a href='https:\/\/www.ambienteyenergia.gob.ec\/ambiente\/ministra-lorena-tapia-presento-propuesta-nacional-sobre-la-lucha-contra-el-cambio-climatico-en-la-cop-19\/20131121_124706\/'><img loading=\"lazy\" decoding=\"async\" width=\"150\" height=\"150\" src=\"https:\/\/www.ambienteyenergia.gob.ec\/ambiente\/wp-content\/uploads\/sites\/2\/2013\/11\/20131121_124706-150x150.jpg\" class=\"attachment-thumbnail size-thumbnail\" alt=\"\" aria-describedby=\"gallery-1-16887\" \/><\/a>\n\t\t\t<\/dt>\n\t\t\t\t<dd class='wp-caption-text gallery-caption' id='gallery-1-16887'>\n\t\t\t\tinistra, Lorena Tapia, present\u00f3 propuesta nacional sobre la lucha contra el cambio clim\u00e1tico en la COP 19\n\t\t\t\t<\/dd><\/dl>\n\t\t\t<br style='clear: both' \/>\n\t\t<\/div>\n\n<p style=\"text-align: justify;\">\n","protected":false},"excerpt":{"rendered":"<p class=\"excerpt\">Hoy, la Ministra del Ambiente del Ecuador, Lorena Tapia, present\u00f3 a los pa\u00edses de las Naciones Unidas reunidos en la Conferencia de las Partes de la Convenci\u00f3n Marco de Naciones Unidas sobre Cambio Clim\u00e1tico \u2013 COP19\u00a0 la postura nacional sobre \u00a0la lucha contra el cambio clim\u00e1tico. Al iniciar su intervenci\u00f3n extendi\u00f3 un saludo a los delegados de los diferentes pa\u00edses&hellip; <a href=\"https:\/\/www.ambienteyenergia.gob.ec\/ambiente\/ministra-lorena-tapia-presento-propuesta-nacional-sobre-la-lucha-contra-el-cambio-climatico-en-la-cop-19\/\">Read more &rarr;<\/a><\/p>\n","protected":false},"author":13,"featured_media":16886,"comment_status":"open","ping_status":"open","sticky":false,"template":"","format":"standard","meta":{"footnotes":""},"categories":[16,4],"tags":[],"class_list":["post-16885","post","type-post","status-publish","format-standard","has-post-thumbnail","hentry","category-comunicamos","category-noticias","xfolkentry"],"_links":{"self":[{"href":"https:\/\/www.ambienteyenergia.gob.ec\/ambiente\/wp-json\/wp\/v2\/posts\/16885","targetHints":{"allow":["GET"]}}],"collection":[{"href":"https:\/\/www.ambienteyenergia.gob.ec\/ambiente\/wp-json\/wp\/v2\/posts"}],"about":[{"href":"https:\/\/www.ambienteyenergia.gob.ec\/ambiente\/wp-json\/wp\/v2\/types\/post"}],"author":[{"embeddable":true,"href":"https:\/\/www.ambienteyenergia.gob.ec\/ambiente\/wp-json\/wp\/v2\/users\/13"}],"replies":[{"embeddable":true,"href":"https:\/\/www.ambienteyenergia.gob.ec\/ambiente\/wp-json\/wp\/v2\/comments?post=16885"}],"version-history":[{"count":0,"href":"https:\/\/www.ambienteyenergia.gob.ec\/ambiente\/wp-json\/wp\/v2\/posts\/16885\/revisions"}],"wp:featuredmedia":[{"embeddable":true,"href":"https:\/\/www.ambienteyenergia.gob.ec\/ambiente\/wp-json\/wp\/v2\/media\/16886"}],"wp:attachment":[{"href":"https:\/\/www.ambienteyenergia.gob.ec\/ambiente\/wp-json\/wp\/v2\/media?parent=16885"}],"wp:term":[{"taxonomy":"category","embeddable":true,"href":"https:\/\/www.ambienteyenergia.gob.ec\/ambiente\/wp-json\/wp\/v2\/categories?post=16885"},{"taxonomy":"post_tag","embeddable":true,"href":"https:\/\/www.ambienteyenergia.gob.ec\/ambiente\/wp-json\/wp\/v2\/tags?post=16885"}],"curies":[{"name":"wp","href":"https:\/\/api.w.org\/{rel}","templated":true}]}}