{"id":16881,"date":"2013-11-21T07:53:02","date_gmt":"2013-11-21T12:53:02","guid":{"rendered":"http:\/\/www.ambiente.gob.ec\/?p=16881"},"modified":"2013-11-21T08:45:57","modified_gmt":"2013-11-21T13:45:57","slug":"ministerio-del-ambiente-presento-la-evaluacion-nacional-forestal-una-herramienta-para-fortalecer-politicas-publicas-en-materia-forestal","status":"publish","type":"post","link":"https:\/\/www.ambienteyenergia.gob.ec\/ambiente\/ministerio-del-ambiente-presento-la-evaluacion-nacional-forestal-una-herramienta-para-fortalecer-politicas-publicas-en-materia-forestal\/","title":{"rendered":"Ministerio del Ambiente present\u00f3 la Evaluaci\u00f3n Nacional Forestal, una herramienta para fortalecer pol\u00edticas p\u00fablicas en materia forestal"},"content":{"rendered":"<p style=\"text-align: justify;\" align=\"center\">Hoy, el Ministerio del Ambiente (MAE) present\u00f3 los resultados del proyecto Evaluaci\u00f3n Nacional Forestal (ENF), estudio que busca generar informaci\u00f3n relevante del estado actual del recurso forestal en el pa\u00eds y realiz\u00f3 un prelanzamiento de la Unidad de Monitoreo del Patrimonio Natural del Ecuador. El evento se desarroll\u00f3 en el Centro de Convenciones Eugenio Espejo y cont\u00f3 con la participaci\u00f3n de la Ministra del Ambiente (S), M\u00f3nica Hidalgo; Pedro Pablo Pe\u00f1a y\u00a0 Mar\u00eda Elisa Carri\u00f3n, representantes de la Organizaci\u00f3n de las Naciones Unidas para la Alimentaci\u00f3n y Agricultura; y Daniel Segura, Gerente de la Evaluaci\u00f3n Nacional Forestal del Ministerio del Ambiente.<\/p>\n<p style=\"text-align: justify;\">Es la primera vez que el Ecuador ejecuta una evaluaci\u00f3n forestal de escala nacional, en donde el papel y la decisi\u00f3n pol\u00edtica que el MAE fue sustancial. Este accionar permite posicionar al pa\u00eds como uno de los pa\u00edses de vanguardia en temas de esta naturaleza en la regi\u00f3n.El proceso levanta m\u00e1s de 50 variables de informaci\u00f3n en donde se incluyen datos de suelo, de especies arb\u00f3reas (taxonom\u00eda, di\u00e1metros, alturas, etc.), productos forestales no maderables, estado y conservaci\u00f3n de ecosistemas, entre otras m\u00e1s.<\/p>\n<p style=\"text-align: justify;\">Asimismo, la ENFrecoge los requerimientos internacionales para cuantificar los dep\u00f3sitos de carbono que existen actualmente en el pa\u00eds y \u00a0sus \u00a0resultados son de gran importancia para la planificaci\u00f3n, la toma de decisiones, y para futuras negociaciones en los mercados de carbono.<\/p>\n<p style=\"text-align: justify;\">La potencialidad que tiene la ENF est\u00e1 orientada a levantar de manera permanente informaci\u00f3n permitiendo el monitoreo y evaluaci\u00f3n de los recursos forestales. Adem\u00e1s, este estudio se articular\u00e1 con los proyectos Mapa de Vegetaci\u00f3n y Mapa Hist\u00f3rico de Deforestaci\u00f3n para conformar la Unidad de Monitoreo del Patrimonio Natural del Ecuador. Este es un compromiso que esta Cartera de Estado mantiene con los recursos forestales del pa\u00eds.<\/p>\n<p style=\"text-align: justify;\">En su discurso, la Ministra del Ambiente (S) asegur\u00f3 que \u201cesta unidad de monitoreo se visualiza como una herramienta generadora de insumos de informaci\u00f3n, que faciliten la toma de decisiones para disminuir los impactos relacionados con la deforestaci\u00f3n y la degradaci\u00f3n de los bosques, para mitigar la tala ilegal y el tr\u00e1fico de vida silvestre, reorientar las pol\u00edticas\u00a0 de cambio clim\u00e1tico y manejo forestal, conservar o mejorar el suministro de productos y servicios ecosist\u00e9micos, y principalmente para salvaguardar la calidad de vida de los pueblos y comunidades dependientes de los recursos naturales\u201d.<\/p>\n<p style=\"text-align: justify;\">Este trabajo abarca tres componentes:<b>biof\u00edsico<\/b>, que comprende el Inventario Nacional Forestal; <b>espacial<\/b>, que se basa en la elaboraci\u00f3n de los mapas de carbono para el pa\u00eds y <b>socioecon\u00f3mico<\/b>, que trata de determinar las relaciones de la gente con el bosque.<\/p>\n<p style=\"text-align: justify;\">Mediante un protocolo metodol\u00f3gico, se dividi\u00f3 al pa\u00eds en nueve estratos de bosque de acuerdo a sus caracter\u00edsticas vegetativas y arbustivas, y a la homogeneidad en contenidos de biomasa. Adem\u00e1s, se levant\u00f3 informaci\u00f3n situando m\u00e1s de 600 unidades de muestreo. Para ello, se capacit\u00f3 a m\u00e1s de 100 t\u00e9cnicos forestales, sobre la metodolog\u00eda del levantamiento de informaci\u00f3n y uso del sistema inform\u00e1tico que contiene la base de datos de la Evaluaci\u00f3n Nacional Forestal.<\/p>\n<p style=\"text-align: justify;\">La ENF se orienta a fortalecer las pol\u00edticas p\u00fablicas y a mejorar la toma de decisiones dentro del sector forestal y sectores afines. Es una herramienta para la gesti\u00f3n coordinada entre el gobierno central y otras instancias de planificaci\u00f3n y gesti\u00f3n en el territorio desde diferentes t\u00f3picos, como la academia, actores p\u00fablicos y privados, propietarios y usuarios de los bosques, entre otros.<\/p>\n<p style=\"text-align: justify;\">El proyecto desde sus inicios ha contado con el apoyo t\u00e9cnico de la Organizaci\u00f3n de las Naciones Unidas para la Alimentaci\u00f3n y la Agricultura (FAO), a trav\u00e9s del soporte financiero del Gobierno de Finlandia. En su \u00faltima etapa (2012-2013), ONU-REDD a trav\u00e9s de su Componente 1 se sum\u00f3 a esta iniciativa. Para la recolecci\u00f3n de la informaci\u00f3n en campo, organizaciones como PNUD y KFW han colaborado con recursos econ\u00f3micos. INIAP y AGROCALIDAD han participado en los an\u00e1lisis de suelos, sotobosque, deritus no vivo.<\/p>\n","protected":false},"excerpt":{"rendered":"<p class=\"excerpt\">Hoy, el Ministerio del Ambiente (MAE) present\u00f3 los resultados del proyecto Evaluaci\u00f3n Nacional Forestal (ENF), estudio que busca generar informaci\u00f3n relevante del estado actual del recurso forestal en el pa\u00eds y realiz\u00f3 un prelanzamiento de la Unidad de Monitoreo del Patrimonio Natural del Ecuador. El evento se desarroll\u00f3 en el Centro de Convenciones Eugenio Espejo y cont\u00f3 con la participaci\u00f3n&hellip; <a href=\"https:\/\/www.ambienteyenergia.gob.ec\/ambiente\/ministerio-del-ambiente-presento-la-evaluacion-nacional-forestal-una-herramienta-para-fortalecer-politicas-publicas-en-materia-forestal\/\">Read more &rarr;<\/a><\/p>\n","protected":false},"author":13,"featured_media":16884,"comment_status":"open","ping_status":"open","sticky":false,"template":"","format":"standard","meta":{"footnotes":""},"categories":[16,4],"tags":[149,53,54],"class_list":["post-16881","post","type-post","status-publish","format-standard","has-post-thumbnail","hentry","category-comunicamos","category-noticias","tag-evaluacion-nacional-forestal","tag-mae","tag-ministerio-del-ambiente","xfolkentry"],"_links":{"self":[{"href":"https:\/\/www.ambienteyenergia.gob.ec\/ambiente\/wp-json\/wp\/v2\/posts\/16881","targetHints":{"allow":["GET"]}}],"collection":[{"href":"https:\/\/www.ambienteyenergia.gob.ec\/ambiente\/wp-json\/wp\/v2\/posts"}],"about":[{"href":"https:\/\/www.ambienteyenergia.gob.ec\/ambiente\/wp-json\/wp\/v2\/types\/post"}],"author":[{"embeddable":true,"href":"https:\/\/www.ambienteyenergia.gob.ec\/ambiente\/wp-json\/wp\/v2\/users\/13"}],"replies":[{"embeddable":true,"href":"https:\/\/www.ambienteyenergia.gob.ec\/ambiente\/wp-json\/wp\/v2\/comments?post=16881"}],"version-history":[{"count":0,"href":"https:\/\/www.ambienteyenergia.gob.ec\/ambiente\/wp-json\/wp\/v2\/posts\/16881\/revisions"}],"wp:featuredmedia":[{"embeddable":true,"href":"https:\/\/www.ambienteyenergia.gob.ec\/ambiente\/wp-json\/wp\/v2\/media\/16884"}],"wp:attachment":[{"href":"https:\/\/www.ambienteyenergia.gob.ec\/ambiente\/wp-json\/wp\/v2\/media?parent=16881"}],"wp:term":[{"taxonomy":"category","embeddable":true,"href":"https:\/\/www.ambienteyenergia.gob.ec\/ambiente\/wp-json\/wp\/v2\/categories?post=16881"},{"taxonomy":"post_tag","embeddable":true,"href":"https:\/\/www.ambienteyenergia.gob.ec\/ambiente\/wp-json\/wp\/v2\/tags?post=16881"}],"curies":[{"name":"wp","href":"https:\/\/api.w.org\/{rel}","templated":true}]}}