{"id":16869,"date":"2013-11-20T16:17:05","date_gmt":"2013-11-20T21:17:05","guid":{"rendered":"http:\/\/www.ambiente.gob.ec\/?p=16869"},"modified":"2013-11-20T16:17:05","modified_gmt":"2013-11-20T21:17:05","slug":"ministra-de-ambiente-del-ecuador-lorena-tapia-planteo-a-los-paises-miembros-de-la-cop19-acciones-concretas-para-el-financiamiento-climatico-de-largo-plazo","status":"publish","type":"post","link":"https:\/\/www.ambienteyenergia.gob.ec\/ambiente\/ministra-de-ambiente-del-ecuador-lorena-tapia-planteo-a-los-paises-miembros-de-la-cop19-acciones-concretas-para-el-financiamiento-climatico-de-largo-plazo\/","title":{"rendered":"Ministra de Ambiente del Ecuador, Lorena Tapia,  plante\u00f3 a los pa\u00edses miembros de la COP19 acciones concretas para el financiamiento  clim\u00e1tico de largo plazo"},"content":{"rendered":"<p style=\"text-align: justify;\">La Ministra de Ambiente del Ecuador, Lorena Tapia, present\u00f3 la posici\u00f3n del Ecuador respecto a financiamiento clim\u00e1tico, en el marco de la \u201cReuni\u00f3n de Alto Nivel de Finanzas del Clima\u201d, realizada el d\u00eda de hoy, 20 de noviembre, como parte de la agenda de alto nivel de la D\u00e9cimo novena Conferencia de las Partes de la Convenci\u00f3n Marco de Naciones Unidas sobre Cambio Clim\u00e1tico \u2013 COP19 de la COP.<\/p>\n<p style=\"text-align: justify;\">La Ministra Lorena Tapia, representante m\u00e1xima del Ecuador en esta COP, se\u00f1al\u00f3 que \u00abel nivel de estos espacios nos da una oportunidad para entablar un di\u00e1logo franco pero que tambi\u00e9n sea escuchado con la mayor impacto posible\u00bb.<\/p>\n<p style=\"text-align: justify;\">La propuesta de la M\u00e1xima Autoridad Ambiental del Ecuador frente al financiamiento se enmarc\u00f3 en ejes estrat\u00e9gicos de la gesti\u00f3n, entre ellos, pidi\u00f3 fortalecer el financiamiento a las acciones de adaptaci\u00f3n al cambio clim\u00e1tico. \u00abLas acciones relacionadas al cambio clim\u00e1tico no son suficientes para evitar un calentamiento global de menos de dos grados cent\u00edgrados. Todos los pa\u00edses necesitan actuar en correspondencia con la Convenci\u00f3n. Sin embargo, la Convenci\u00f3n ha definido compromisos claros que no se est\u00e1n cumpliendo\u00bb.<\/p>\n<p style=\"text-align: justify;\">Agreg\u00f3 que el primer y m\u00e1s importante principio de la Convenci\u00f3n establece que las partes deben tomar la iniciativa en lo que respecta a combatir el cambio clim\u00e1tico y sus efectos adversos. \u00abLos pa\u00edses en desarrollo est\u00e1n actuando, pero su desempe\u00f1o depende de sus capacidades y sus capacidades dependen de los medios de implementaci\u00f3n\u00bb.<\/p>\n<p style=\"text-align: justify;\">Otro de los puntos que destac\u00f3 la Secretaria de Estado ecuatoriana fue que \u00abaumentar la ambici\u00f3n de las Partes no depende de discursos pol\u00edticos, no en los pa\u00edses en desarrollo. Depende de mejorar los ambientes habilitadores para que se puedan realizar las acciones a base de sus capacidades, necesidades y prioridades. \u00abLas capacidades de los pa\u00edses en desarrollo dependen directamente de los medios de implementaci\u00f3n actuales y futuros, por lo que imaginar cu\u00e1les ser\u00e1n despu\u00e9s de 2020 sin tener claridad antes de 2015 ser\u00e1 como construir una edificaci\u00f3n sin los respectivos cimientos\u00bb.<\/p>\n<p style=\"text-align: justify;\">Con relaci\u00f3n a los flujos financieros, la Ministra Tapia recalc\u00f3 que necesitan controlarse mejor, implementarse m\u00e1s eficientemente y, sobre todo, ser adicionales, predecibles y sostenibles. \u00abDebemos una vez m\u00e1s, remitirnos a la Convenci\u00f3n y a su art\u00edculo 11 que define claramente la provisi\u00f3n de recursos por el mecanismo financiero\u00bb, enfatiz\u00f3.<\/p>\n<p style=\"text-align: justify;\">Pese a que el financiamiento bajo la Convenci\u00f3n ha acordado tomar en cuenta las necesidades y prioridades de pa\u00edses en desarrollo, Tapia, se\u00f1al\u00f3 que \u00abEl financiamiento se ha enfocado en la mitigaci\u00f3n e ignora las necesidades de aquellos que han reconocido a la adaptaci\u00f3n como su prioridad. Esta prioridad no se refleja en los flujos financieros y debe fortalecerse considerando que hist\u00f3ricamente la adaptaci\u00f3n ha sido demasiado relegada\u00bb.<\/p>\n<p style=\"text-align: justify;\">A manera de conclusi\u00f3n, la Ministra pidi\u00f3 acciones concretas para el financiamiento clim\u00e1tico de largo plazo. \u00abLa promesa de movilizar 100 mil millones de d\u00f3lares anuales a partir del 2020 debe concretarse. Sin embargo, no hemos podido definir hojas de ruta para hacerlo, por lo que recordamos que el G77+China ha propuesto asegurar esta capacidad movilizando 70 mil millones anuales desde el 2016\u00bb.<\/p>\n<p style=\"text-align: justify;\">Ecuador conf\u00eda que bajo el liderazgo del Presidente de la COP19 estos di\u00e1logos de alto nivel ser\u00e1n un espacio valioso para impulsar el avance de los consensos en el marco de las negociaciones.<\/p>\n<div id='gallery-1' class='gallery galleryid-16869 gallery-columns-3 gallery-size-thumbnail'><dl class='gallery-item'>\n\t\t\t<dt class='gallery-icon landscape'>\n\t\t\t\t<a href='https:\/\/www.ambienteyenergia.gob.ec\/ambiente\/ministra-de-ambiente-del-ecuador-lorena-tapia-planteo-a-los-paises-miembros-de-la-cop19-acciones-concretas-para-el-financiamiento-climatico-de-largo-plazo\/20131120_163753\/'><img loading=\"lazy\" decoding=\"async\" width=\"150\" height=\"150\" src=\"https:\/\/www.ambienteyenergia.gob.ec\/ambiente\/wp-content\/uploads\/sites\/2\/2013\/11\/20131120_163753-150x150.jpg\" class=\"attachment-thumbnail size-thumbnail\" alt=\"\" aria-describedby=\"gallery-1-16872\" \/><\/a>\n\t\t\t<\/dt>\n\t\t\t\t<dd class='wp-caption-text gallery-caption' id='gallery-1-16872'>\n\t\t\t\tMinistra de Ambiente del Ecuador, Lorena Tapia,  plante\u00f3 a los pa\u00edses miembros de la COP 19 acciones concretas para el financiamiento  clim\u00e1tico de  largo plazo\n\t\t\t\t<\/dd><\/dl><dl class='gallery-item'>\n\t\t\t<dt class='gallery-icon landscape'>\n\t\t\t\t<a href='https:\/\/www.ambienteyenergia.gob.ec\/ambiente\/ministra-de-ambiente-del-ecuador-lorena-tapia-planteo-a-los-paises-miembros-de-la-cop19-acciones-concretas-para-el-financiamiento-climatico-de-largo-plazo\/20131120_163820\/'><img loading=\"lazy\" decoding=\"async\" width=\"150\" height=\"150\" src=\"https:\/\/www.ambienteyenergia.gob.ec\/ambiente\/wp-content\/uploads\/sites\/2\/2013\/11\/20131120_163820-150x150.jpg\" class=\"attachment-thumbnail size-thumbnail\" alt=\"\" aria-describedby=\"gallery-1-16873\" \/><\/a>\n\t\t\t<\/dt>\n\t\t\t\t<dd class='wp-caption-text gallery-caption' id='gallery-1-16873'>\n\t\t\t\tMinistra de Ambiente del Ecuador, Lorena Tapia,  plante\u00f3 a los pa\u00edses miembros de la COP 19 acciones concretas para el financiamiento  clim\u00e1tico de  largo plazo\n\t\t\t\t<\/dd><\/dl><dl class='gallery-item'>\n\t\t\t<dt class='gallery-icon landscape'>\n\t\t\t\t<a href='https:\/\/www.ambienteyenergia.gob.ec\/ambiente\/ministra-de-ambiente-del-ecuador-lorena-tapia-planteo-a-los-paises-miembros-de-la-cop19-acciones-concretas-para-el-financiamiento-climatico-de-largo-plazo\/20131120_163949\/'><img loading=\"lazy\" decoding=\"async\" width=\"150\" height=\"150\" src=\"https:\/\/www.ambienteyenergia.gob.ec\/ambiente\/wp-content\/uploads\/sites\/2\/2013\/11\/20131120_163949-150x150.jpg\" class=\"attachment-thumbnail size-thumbnail\" alt=\"\" aria-describedby=\"gallery-1-16874\" \/><\/a>\n\t\t\t<\/dt>\n\t\t\t\t<dd class='wp-caption-text gallery-caption' id='gallery-1-16874'>\n\t\t\t\tMinistra de Ambiente del Ecuador, Lorena Tapia,  plante\u00f3 a los pa\u00edses miembros de la COP 19 acciones concretas para el financiamiento  clim\u00e1tico de  largo plazo\n\t\t\t\t<\/dd><\/dl><br style=\"clear: both\" \/><dl class='gallery-item'>\n\t\t\t<dt class='gallery-icon landscape'>\n\t\t\t\t<a href='https:\/\/www.ambienteyenergia.gob.ec\/ambiente\/ministra-de-ambiente-del-ecuador-lorena-tapia-planteo-a-los-paises-miembros-de-la-cop19-acciones-concretas-para-el-financiamiento-climatico-de-largo-plazo\/20131120_163723\/'><img loading=\"lazy\" decoding=\"async\" width=\"150\" height=\"150\" src=\"https:\/\/www.ambienteyenergia.gob.ec\/ambiente\/wp-content\/uploads\/sites\/2\/2013\/11\/20131120_163723-150x150.jpg\" class=\"attachment-thumbnail size-thumbnail\" alt=\"\" aria-describedby=\"gallery-1-16871\" \/><\/a>\n\t\t\t<\/dt>\n\t\t\t\t<dd class='wp-caption-text gallery-caption' id='gallery-1-16871'>\n\t\t\t\tMinistra de Ambiente del Ecuador, Lorena Tapia,  plante\u00f3 a los pa\u00edses miembros de la COP 19 acciones concretas para el financiamiento  clim\u00e1tico de  largo plazo\n\t\t\t\t<\/dd><\/dl>\n\t\t\t<br style='clear: both' \/>\n\t\t<\/div>\n\n","protected":false},"excerpt":{"rendered":"<p class=\"excerpt\">La Ministra de Ambiente del Ecuador, Lorena Tapia, present\u00f3 la posici\u00f3n del Ecuador respecto a financiamiento clim\u00e1tico, en el marco de la \u201cReuni\u00f3n de Alto Nivel de Finanzas del Clima\u201d, realizada el d\u00eda de hoy, 20 de noviembre, como parte de la agenda de alto nivel de la D\u00e9cimo novena Conferencia de las Partes de la Convenci\u00f3n Marco de Naciones&hellip; <a href=\"https:\/\/www.ambienteyenergia.gob.ec\/ambiente\/ministra-de-ambiente-del-ecuador-lorena-tapia-planteo-a-los-paises-miembros-de-la-cop19-acciones-concretas-para-el-financiamiento-climatico-de-largo-plazo\/\">Read more &rarr;<\/a><\/p>\n","protected":false},"author":13,"featured_media":16870,"comment_status":"open","ping_status":"open","sticky":false,"template":"","format":"standard","meta":{"footnotes":""},"categories":[16,4,10],"tags":[],"class_list":["post-16869","post","type-post","status-publish","format-standard","has-post-thumbnail","hentry","category-comunicamos","category-noticias","category-noticias-destacadas","xfolkentry"],"_links":{"self":[{"href":"https:\/\/www.ambienteyenergia.gob.ec\/ambiente\/wp-json\/wp\/v2\/posts\/16869","targetHints":{"allow":["GET"]}}],"collection":[{"href":"https:\/\/www.ambienteyenergia.gob.ec\/ambiente\/wp-json\/wp\/v2\/posts"}],"about":[{"href":"https:\/\/www.ambienteyenergia.gob.ec\/ambiente\/wp-json\/wp\/v2\/types\/post"}],"author":[{"embeddable":true,"href":"https:\/\/www.ambienteyenergia.gob.ec\/ambiente\/wp-json\/wp\/v2\/users\/13"}],"replies":[{"embeddable":true,"href":"https:\/\/www.ambienteyenergia.gob.ec\/ambiente\/wp-json\/wp\/v2\/comments?post=16869"}],"version-history":[{"count":0,"href":"https:\/\/www.ambienteyenergia.gob.ec\/ambiente\/wp-json\/wp\/v2\/posts\/16869\/revisions"}],"wp:featuredmedia":[{"embeddable":true,"href":"https:\/\/www.ambienteyenergia.gob.ec\/ambiente\/wp-json\/wp\/v2\/media\/16870"}],"wp:attachment":[{"href":"https:\/\/www.ambienteyenergia.gob.ec\/ambiente\/wp-json\/wp\/v2\/media?parent=16869"}],"wp:term":[{"taxonomy":"category","embeddable":true,"href":"https:\/\/www.ambienteyenergia.gob.ec\/ambiente\/wp-json\/wp\/v2\/categories?post=16869"},{"taxonomy":"post_tag","embeddable":true,"href":"https:\/\/www.ambienteyenergia.gob.ec\/ambiente\/wp-json\/wp\/v2\/tags?post=16869"}],"curies":[{"name":"wp","href":"https:\/\/api.w.org\/{rel}","templated":true}]}}