{"id":16856,"date":"2013-11-20T14:18:57","date_gmt":"2013-11-20T19:18:57","guid":{"rendered":"http:\/\/www.ambiente.gob.ec\/?p=16856"},"modified":"2013-11-20T14:18:57","modified_gmt":"2013-11-20T19:18:57","slug":"mae-realizo-taller-generacion-de-informacion-climatica-e-inclusion-de-criterios-de-cambio-climatico-pdots","status":"publish","type":"post","link":"https:\/\/www.ambienteyenergia.gob.ec\/ambiente\/mae-realizo-taller-generacion-de-informacion-climatica-e-inclusion-de-criterios-de-cambio-climatico-pdots\/","title":{"rendered":"MAE realiz\u00f3 taller &#8216;Generaci\u00f3n de informaci\u00f3n clim\u00e1tica e inclusi\u00f3n de criterios de cambio clim\u00e1tico PDOTs&#8217;"},"content":{"rendered":"<p style=\"text-align: justify;\">El Ministerio del Ambiente (MAE), en el marco del proyecto de Adaptaci\u00f3n al Cambio Clim\u00e1tico a trav\u00e9s de una efectiva gobernabilidad del Agua en Ecuador \u2013PACC, realiz\u00f3 el taller \u201cGeneraci\u00f3n de informaci\u00f3n clim\u00e1tica e inclusi\u00f3n de criterios de cambio clim\u00e1tico PDOTs\u201d, el pasado 15 de noviembre, en la provincia de Bol\u00edvar.<\/p>\n<p style=\"text-align: justify;\">En la jornada de trabajo participaron las direcciones provinciales de ambiente y GADs provinciales de la Zona 5 (Guayas, Los R\u00edos y Bol\u00edvar), alcaldes de la provincia de Bol\u00edvar, Juntas Parroquiales de Guaranda y San Miguel de Bol\u00edvar, instituciones educativas como Universidad T\u00e9cnica de Babahoyo, Universidad T\u00e9cnica Estatal de Quevedo y Universidad Estatal de Bol\u00edvar, delegados del Ministerio de Agricultura -MAGAP, Secretar\u00eda Nacional de Riesgos -SNGR y representantes de otras iniciativas PACC.<\/p>\n<p style=\"text-align: justify;\">El taller sirvi\u00f3 para analizar los efectos m\u00e1s notables del cambio clim\u00e1tico en cada provincia, difundir los resultados de las iniciativas PACC que se est\u00e1n ejecutando; conocer nuevos proyectos, normas, herramientas para establecer medidas de mitigaci\u00f3n y adaptaci\u00f3n e informaci\u00f3n enfocada a cambio clim\u00e1tico. Asimismo, se present\u00f3 la estructura y objetivos del Sistema de Fortalecimiento de la Red Hidrometeorol\u00f3gica -FRHIM y se insisti\u00f3 en la importancia de incluir criterios de cambio clim\u00e1tico en los programas de ordenamiento territorial -PDOTs para fortalecer la base te\u00f3rica de cambio clim\u00e1tico.<\/p>\n<p style=\"text-align: justify;\">Los asistentes mostraron su malestar por efectos clim\u00e1ticos como sequ\u00edas prolongadas, baja productividad de los suelos por falta de agua, erosi\u00f3n, desinter\u00e9s de la comunidad para conservar los bosques y el poco involucramiento de la academia en procesos de levantamiento de informaci\u00f3n.<\/p>\n<p style=\"text-align: justify;\">La Subsecretar\u00eda de Cambio Clim\u00e1tico del Ministerio del Ambiente, a trav\u00e9s del proyecto PACC, prev\u00e9 replicar estas actividades en otras zonas del pa\u00eds, para fortalecer las capacidades a nivel comunitario y t\u00e9cnico en las zonas de influencia en las que se ejecuta el proyecto.<\/p>\n<p style=\"text-align: justify;\"><strong>\u00bfQui\u00e9n ejecuta el PACC? <\/strong><\/p>\n<p style=\"text-align: justify;\">El proyecto de Adaptaci\u00f3n al Cambio Clim\u00e1tico a trav\u00e9s de una efectiva gobernabilidad del Agua en Ecuador -PACC, es ejecutado por el Ministerio del Ambiente a trav\u00e9s de la Subsecretar\u00eda de Cambio Clim\u00e1tico, con el objetivo de disminuir la vulnerabilidad del Ecuador al cambio clim\u00e1tico a partir del manejo eficiente de los recursos h\u00eddricos.<\/p>\n<p style=\"text-align: justify;\">Los fondos del PACC provienen del <strong>Global Environmental Facility (GEF)<\/strong> con contraparte del Gobierno del Ecuador. La Agencia Implementadora del PACC es el <strong>Programa de Naciones Unidadas para el Desarrollo (PNUD)<\/strong> y la Agencia Ejecutora es el Ministerio del Ambiente.<\/p>\n","protected":false},"excerpt":{"rendered":"<p class=\"excerpt\">El Ministerio del Ambiente (MAE), en el marco del proyecto de Adaptaci\u00f3n al Cambio Clim\u00e1tico a trav\u00e9s de una efectiva gobernabilidad del Agua en Ecuador \u2013PACC, realiz\u00f3 el taller \u201cGeneraci\u00f3n de informaci\u00f3n clim\u00e1tica e inclusi\u00f3n de criterios de cambio clim\u00e1tico PDOTs\u201d, el pasado 15 de noviembre, en la provincia de Bol\u00edvar. En la jornada de trabajo participaron las direcciones provinciales&hellip; <a href=\"https:\/\/www.ambienteyenergia.gob.ec\/ambiente\/mae-realizo-taller-generacion-de-informacion-climatica-e-inclusion-de-criterios-de-cambio-climatico-pdots\/\">Read more &rarr;<\/a><\/p>\n","protected":false},"author":13,"featured_media":16857,"comment_status":"open","ping_status":"open","sticky":false,"template":"","format":"standard","meta":{"footnotes":""},"categories":[16,4],"tags":[],"class_list":["post-16856","post","type-post","status-publish","format-standard","has-post-thumbnail","hentry","category-comunicamos","category-noticias","xfolkentry"],"_links":{"self":[{"href":"https:\/\/www.ambienteyenergia.gob.ec\/ambiente\/wp-json\/wp\/v2\/posts\/16856","targetHints":{"allow":["GET"]}}],"collection":[{"href":"https:\/\/www.ambienteyenergia.gob.ec\/ambiente\/wp-json\/wp\/v2\/posts"}],"about":[{"href":"https:\/\/www.ambienteyenergia.gob.ec\/ambiente\/wp-json\/wp\/v2\/types\/post"}],"author":[{"embeddable":true,"href":"https:\/\/www.ambienteyenergia.gob.ec\/ambiente\/wp-json\/wp\/v2\/users\/13"}],"replies":[{"embeddable":true,"href":"https:\/\/www.ambienteyenergia.gob.ec\/ambiente\/wp-json\/wp\/v2\/comments?post=16856"}],"version-history":[{"count":0,"href":"https:\/\/www.ambienteyenergia.gob.ec\/ambiente\/wp-json\/wp\/v2\/posts\/16856\/revisions"}],"wp:featuredmedia":[{"embeddable":true,"href":"https:\/\/www.ambienteyenergia.gob.ec\/ambiente\/wp-json\/wp\/v2\/media\/16857"}],"wp:attachment":[{"href":"https:\/\/www.ambienteyenergia.gob.ec\/ambiente\/wp-json\/wp\/v2\/media?parent=16856"}],"wp:term":[{"taxonomy":"category","embeddable":true,"href":"https:\/\/www.ambienteyenergia.gob.ec\/ambiente\/wp-json\/wp\/v2\/categories?post=16856"},{"taxonomy":"post_tag","embeddable":true,"href":"https:\/\/www.ambienteyenergia.gob.ec\/ambiente\/wp-json\/wp\/v2\/tags?post=16856"}],"curies":[{"name":"wp","href":"https:\/\/api.w.org\/{rel}","templated":true}]}}